[{"@context":"https:\/\/schema.org\/","@type":"Article","@id":"https:\/\/www.issecv.cz\/zaridte-si-sve-bydleni-tak-abyste-se-v-nem-vzdy-citili-co-nejlepe\/#Article","mainEntityOfPage":"https:\/\/www.issecv.cz\/zaridte-si-sve-bydleni-tak-abyste-se-v-nem-vzdy-citili-co-nejlepe\/","headline":"Za\u0159i\u010fte si sv\u00e9 bydlen\u00ed tak, abyste se v n\u011bm v\u017edy c\u00edtili co nejl\u00e9pe","name":"Za\u0159i\u010fte si sv\u00e9 bydlen\u00ed tak, abyste se v n\u011bm v\u017edy c\u00edtili co nejl\u00e9pe","description":"V\u011bt\u0161ina lid\u00ed se nem\u016f\u017ee do\u010dkat a\u0165 nastane letn\u00ed obdob\u00ed. Obdob\u00ed, kdy je venku kone\u010dn\u011b teplo, z\u00e1\u0159\u00ed slunce a lidi se vyh\u0159\u00edvaj\u00ed u baz\u00e9n\u016f. Bohu\u017eel takov\u00e9&hellip;","datePublished":"2020-08-09","dateModified":"2023-06-05","author":{"@type":"Person","@id":"https:\/\/www.issecv.cz\/author\/#Person","name":"","url":"https:\/\/www.issecv.cz\/author\/","identifier":1,"image":{"@type":"ImageObject","@id":"https:\/\/secure.gravatar.com\/avatar\/cbcb92d2d459f60d1dc08d6e5973c6b0ed1017e8a3b51da0599e03841cfa81e6?s=96&d=mm&r=g","url":"https:\/\/secure.gravatar.com\/avatar\/cbcb92d2d459f60d1dc08d6e5973c6b0ed1017e8a3b51da0599e03841cfa81e6?s=96&d=mm&r=g","height":96,"width":96}},"publisher":{"@type":"Organization","name":"issecv.cz","logo":{"@type":"ImageObject","@id":"\/logo.png","url":"\/logo.png","width":600,"height":60}},"image":{"@type":"ImageObject","@id":"https:\/\/www.issecv.cz\/wp-content\/uploads\/tree-3189339_1280.jpg","url":"https:\/\/www.issecv.cz\/wp-content\/uploads\/tree-3189339_1280.jpg","height":0,"width":0},"url":"https:\/\/www.issecv.cz\/zaridte-si-sve-bydleni-tak-abyste-se-v-nem-vzdy-citili-co-nejlepe\/","about":["Spole\u010dnosti"],"wordCount":424,"articleBody":"   V\u011bt\u0161ina lid\u00ed se nem\u016f\u017ee do\u010dkat a\u0165 nastane letn\u00ed obdob\u00ed. Obdob\u00ed, kdy je venku kone\u010dn\u011b teplo, z\u00e1\u0159\u00ed slunce a lidi se vyh\u0159\u00edvaj\u00ed u baz\u00e9n\u016f. Bohu\u017eel takov\u00e9 nad\u0161en\u00ed nesd\u00edl\u00ed v\u0161ichni lid\u00e9. Lid\u00e9, kte\u0159\u00ed bydl\u00ed v bytech \u010di domech, kam jim cel\u00fd den sv\u00edt\u00ed slunce a nev\u011bd\u00ed, kam se maj\u00ed schovat, se l\u00e9ta celkov\u011b sp\u00ed\u0161e ob\u00e1vaj\u00ed.Ka\u017ed\u00fd z n\u00e1s jist\u011b n\u011bkdy za\u017eil ten pocit, kdy v l\u00e9t\u011b p\u0159i\u0161el k n\u011bkomu dom\u016f nebo do n\u011bjak\u00e9 budovy, kde bylo skrz slune\u010dn\u00ed paprsky neuv\u011b\u0159iteln\u00e9 teplo a nedalo se kam schovat. Te\u010f si p\u0159edstavte, \u017ee spoustu lid\u00ed tohle za\u017e\u00edvaj\u00ed v l\u00e9t\u011b denn\u011b od r\u00e1na do ve\u010dera. Zvl\u00e1\u0161\u0165 lid\u00e9, kte\u0159\u00ed bydl\u00ed v byt\u011b a okna maj\u00ed situovan\u00e9 na jednu stranu tento probl\u00e9m velmi dob\u0159e znaj\u00ed. Pokud i Vy pat\u0159\u00edte mezi lidi, kte\u0159\u00ed s t\u00edmto probl\u00e9mem ka\u017ed\u00e9 l\u00e9to z\u00e1pas\u00ed, mo\u017en\u00e1 byste m\u011bli uva\u017eovat nad t\u00edm, jak n\u011bco kolem sebe a ve sv\u00e9m domov\u011b zm\u011bnit. V dne\u0161n\u00ed dob\u011b existuje opravdu velk\u00e1 spousta mo\u017enost\u00ed, jak tuto situaci vy\u0159e\u0161it. Nap\u0159\u00edklad takov\u00e1 klimatizace je v dne\u0161n\u00ed dob\u011b ve spoust\u011b dom\u00e1cnostech opravdu velmi b\u011b\u017en\u00e1 a v letn\u00edch parn\u00edch dnech t\u00e9m\u011b\u0159 nepostradateln\u00e1. Pokud u\u017e te\u010f v\u00edte, \u017ee V\u00e1s v l\u00e9t\u011b \u010dek\u00e1 opravdu nep\u0159\u00edjemn\u00e9 hork\u00e9 dny ve Va\u0161em domov\u011b, rozhodn\u011b neot\u00e1lejte a spole\u010dn\u011b nep\u0159\u00edjemnou teplotu a nep\u0159\u00edjemn\u00fd vzduch ve Va\u0161em dom\u011b vy\u0159e\u0161\u00edme. Na\u0161e mont\u00e1\u017e klimatizace praha V\u00e1s jist\u011b usv\u011bd\u010d\u00ed v to, \u017ee p\u0159esn\u011b to jste do sv\u00e9ho domova pot\u0159ebovali a \u017ee d\u00edky na\u0161im slu\u017eb\u00e1m budete moct ve sv\u00e9m domov\u011b svobodn\u011b d\u00fdchat p\u0159esn\u011b tak, jak jste si p\u0159edstavovali. Za\u010dn\u011bte se ve sv\u00e9m domov\u011b c\u00edtit opravdu skv\u011ble a po\u0159i\u010fte si n\u011bco, co V\u00e1m zachr\u00e1n\u00ed ovzdu\u0161\u00ed i v t\u011bch nejhor\u0161\u00edch letn\u00edch dnech. Pom\u016f\u017eeme V\u00e1m vybrat p\u0159esn\u00fd typ, za\u0159\u00edd\u00edme mont\u00e1\u017e a budeme se pravideln\u011b vracet na celkov\u00fd servis. Sta\u010d\u00ed n\u00e1s kontaktovat a v\u0161echen zbytek vy\u0159e\u0161\u00edme za V\u00e1s tak, abyste se ve sv\u00e9m dom\u011b c\u00edtili komfortn\u011b a aby se V\u00e1m d\u00fdchalo bez jak\u00fdchkoli probl\u00e9m\u016f a nep\u0159\u00edjemn\u00fdch n\u00e1sledk\u016f.                                                                                                                                                                                                                                                                                                                                                                                           4.5\/5 - (4 votes)        "},{"@context":"https:\/\/schema.org\/","@type":"BreadcrumbList","itemListElement":[{"@type":"ListItem","position":1,"name":"Za\u0159i\u010fte si sv\u00e9 bydlen\u00ed tak, abyste se v n\u011bm v\u017edy c\u00edtili co nejl\u00e9pe","item":"https:\/\/www.issecv.cz\/zaridte-si-sve-bydleni-tak-abyste-se-v-nem-vzdy-citili-co-nejlepe\/#breadcrumbitem"}]}]