{"@context":"https:\/\/schema.org\/","@type":"CollectionPage","@id":"https:\/\/www.issecv.cz\/spolecnosti\/#CollectionPage","headline":"Spole\u010dnosti Category","description":"","url":"https:\/\/www.issecv.cz\/spolecnosti\/","hasPart":[{"@type":"Article","@id":"https:\/\/www.issecv.cz\/kouzelnik-praha\/","headline":"Kouzeln\u00edk Praha","url":"https:\/\/www.issecv.cz\/kouzelnik-praha\/","datePublished":"2021-10-19","dateModified":"2023-06-05","mainEntityOfPage":"https:\/\/www.issecv.cz\/kouzelnik-praha\/","author":{"@type":"Person","@id":"https:\/\/www.issecv.cz\/author\/#Person","name":"","url":"https:\/\/www.issecv.cz\/author\/","identifier":1,"image":{"@type":"ImageObject","@id":"https:\/\/secure.gravatar.com\/avatar\/cbcb92d2d459f60d1dc08d6e5973c6b0ed1017e8a3b51da0599e03841cfa81e6?s=96&d=mm&r=g","url":"https:\/\/secure.gravatar.com\/avatar\/cbcb92d2d459f60d1dc08d6e5973c6b0ed1017e8a3b51da0599e03841cfa81e6?s=96&d=mm&r=g","height":96,"width":96}},"publisher":{"@type":"Organization","name":"issecv.cz","logo":{"@type":"ImageObject","@id":"\/logo.png","url":"\/logo.png","width":600,"height":60}},"image":{"@type":"ImageObject","@id":"https:\/\/www.issecv.cz\/wp-content\/uploads\/magic-gc8049b4fa_640.png","url":"https:\/\/www.issecv.cz\/wp-content\/uploads\/magic-gc8049b4fa_640.png","height":0,"width":0},"keywords":null},{"@type":"Article","@id":"https:\/\/www.issecv.cz\/velky-uklid-ten-predvanocni-nebo-pravidelny-uz-si-z-uklidu-nedelejte-tezkou-hlavu-jake-je-reseni\/","headline":"Velk\u00fd \u00faklid, ten p\u0159edv\u00e1no\u010dn\u00ed nebo pravideln\u00fd? U\u017e si z \u00faklidu ned\u011blejte t\u011b\u017ekou hlavu! Jak\u00e9 je \u0159e\u0161en\u00ed?","url":"https:\/\/www.issecv.cz\/velky-uklid-ten-predvanocni-nebo-pravidelny-uz-si-z-uklidu-nedelejte-tezkou-hlavu-jake-je-reseni\/","datePublished":"2021-10-03","dateModified":"2024-01-04","mainEntityOfPage":"https:\/\/www.issecv.cz\/velky-uklid-ten-predvanocni-nebo-pravidelny-uz-si-z-uklidu-nedelejte-tezkou-hlavu-jake-je-reseni\/","author":{"@type":"Person","@id":"https:\/\/www.issecv.cz\/author\/#Person","name":"","url":"https:\/\/www.issecv.cz\/author\/","identifier":1,"image":{"@type":"ImageObject","@id":"https:\/\/secure.gravatar.com\/avatar\/cbcb92d2d459f60d1dc08d6e5973c6b0ed1017e8a3b51da0599e03841cfa81e6?s=96&d=mm&r=g","url":"https:\/\/secure.gravatar.com\/avatar\/cbcb92d2d459f60d1dc08d6e5973c6b0ed1017e8a3b51da0599e03841cfa81e6?s=96&d=mm&r=g","height":96,"width":96}},"publisher":{"@type":"Organization","name":"issecv.cz","logo":{"@type":"ImageObject","@id":"\/logo.png","url":"\/logo.png","width":600,"height":60}},"image":{"@type":"ImageObject","@id":"https:\/\/www.issecv.cz\/wp-content\/uploads\/pexels-photo-5591492.jpeg","url":"https:\/\/www.issecv.cz\/wp-content\/uploads\/pexels-photo-5591492.jpeg","height":0,"width":0},"keywords":null},{"@type":"Article","@id":"https:\/\/www.issecv.cz\/nebojte-se-stahovani-videi-online\/","headline":"Nebojte se stahov\u00e1n\u00ed vide\u00ed online","url":"https:\/\/www.issecv.cz\/nebojte-se-stahovani-videi-online\/","datePublished":"2021-09-02","dateModified":"2023-09-20","mainEntityOfPage":"https:\/\/www.issecv.cz\/nebojte-se-stahovani-videi-online\/","author":{"@type":"Person","@id":"https:\/\/www.issecv.cz\/author\/#Person","name":"","url":"https:\/\/www.issecv.cz\/author\/","identifier":1,"image":{"@type":"ImageObject","@id":"https:\/\/secure.gravatar.com\/avatar\/cbcb92d2d459f60d1dc08d6e5973c6b0ed1017e8a3b51da0599e03841cfa81e6?s=96&d=mm&r=g","url":"https:\/\/secure.gravatar.com\/avatar\/cbcb92d2d459f60d1dc08d6e5973c6b0ed1017e8a3b51da0599e03841cfa81e6?s=96&d=mm&r=g","height":96,"width":96}},"publisher":{"@type":"Organization","name":"issecv.cz","logo":{"@type":"ImageObject","@id":"\/logo.png","url":"\/logo.png","width":600,"height":60}},"image":{"@type":"ImageObject","@id":"https:\/\/www.issecv.cz\/wp-content\/uploads\/sleduj%C3%ADc%C3%AD%20d%C3%ADvka.PNG","url":"https:\/\/www.issecv.cz\/wp-content\/uploads\/sleduj%C3%ADc%C3%AD%20d%C3%ADvka.PNG","height":0,"width":0},"keywords":null},{"@type":"Article","@id":"https:\/\/www.issecv.cz\/zubar-na-praze-10\/","headline":"Zuba\u0159 na Praze 10","url":"https:\/\/www.issecv.cz\/zubar-na-praze-10\/","datePublished":"2021-08-11","dateModified":"2023-06-05","mainEntityOfPage":"https:\/\/www.issecv.cz\/zubar-na-praze-10\/","author":{"@type":"Person","@id":"https:\/\/www.issecv.cz\/author\/#Person","name":"","url":"https:\/\/www.issecv.cz\/author\/","identifier":1,"image":{"@type":"ImageObject","@id":"https:\/\/secure.gravatar.com\/avatar\/cbcb92d2d459f60d1dc08d6e5973c6b0ed1017e8a3b51da0599e03841cfa81e6?s=96&d=mm&r=g","url":"https:\/\/secure.gravatar.com\/avatar\/cbcb92d2d459f60d1dc08d6e5973c6b0ed1017e8a3b51da0599e03841cfa81e6?s=96&d=mm&r=g","height":96,"width":96}},"publisher":{"@type":"Organization","name":"issecv.cz","logo":{"@type":"ImageObject","@id":"\/logo.png","url":"\/logo.png","width":600,"height":60}},"image":{"@type":"ImageObject","@id":"https:\/\/www.issecv.cz\/wp-content\/uploads\/stomatologie%20(2).jpg","url":"https:\/\/www.issecv.cz\/wp-content\/uploads\/stomatologie%20(2).jpg","height":0,"width":0},"keywords":null},{"@type":"Article","@id":"https:\/\/www.issecv.cz\/zpusoby-jak-prilakat-zakazniky-na-svuj-e-shop\/","headline":"Zp\u016fsoby, jak p\u0159il\u00e1kat z\u00e1kazn\u00edky na sv\u016fj e-shop","url":"https:\/\/www.issecv.cz\/zpusoby-jak-prilakat-zakazniky-na-svuj-e-shop\/","datePublished":"2021-07-02","dateModified":"2023-06-05","mainEntityOfPage":"https:\/\/www.issecv.cz\/zpusoby-jak-prilakat-zakazniky-na-svuj-e-shop\/","author":{"@type":"Person","@id":"https:\/\/www.issecv.cz\/author\/#Person","name":"","url":"https:\/\/www.issecv.cz\/author\/","identifier":1,"image":{"@type":"ImageObject","@id":"https:\/\/secure.gravatar.com\/avatar\/cbcb92d2d459f60d1dc08d6e5973c6b0ed1017e8a3b51da0599e03841cfa81e6?s=96&d=mm&r=g","url":"https:\/\/secure.gravatar.com\/avatar\/cbcb92d2d459f60d1dc08d6e5973c6b0ed1017e8a3b51da0599e03841cfa81e6?s=96&d=mm&r=g","height":96,"width":96}},"publisher":{"@type":"Organization","name":"issecv.cz","logo":{"@type":"ImageObject","@id":"\/logo.png","url":"\/logo.png","width":600,"height":60}},"image":{"@type":"ImageObject","@id":"https:\/\/www.issecv.cz\/wp-content\/uploads\/Virtu%C3%A1ln%C3%AD%20komunikace_mzk8GH.jpg","url":"https:\/\/www.issecv.cz\/wp-content\/uploads\/Virtu%C3%A1ln%C3%AD%20komunikace_mzk8GH.jpg","height":0,"width":0},"keywords":null},{"@type":"Article","@id":"https:\/\/www.issecv.cz\/hledani-zubare\/","headline":"Hled\u00e1n\u00ed zuba\u0159e","url":"https:\/\/www.issecv.cz\/hledani-zubare\/","datePublished":"2021-06-02","dateModified":"2023-06-05","mainEntityOfPage":"https:\/\/www.issecv.cz\/hledani-zubare\/","author":{"@type":"Person","@id":"https:\/\/www.issecv.cz\/author\/#Person","name":"","url":"https:\/\/www.issecv.cz\/author\/","identifier":1,"image":{"@type":"ImageObject","@id":"https:\/\/secure.gravatar.com\/avatar\/cbcb92d2d459f60d1dc08d6e5973c6b0ed1017e8a3b51da0599e03841cfa81e6?s=96&d=mm&r=g","url":"https:\/\/secure.gravatar.com\/avatar\/cbcb92d2d459f60d1dc08d6e5973c6b0ed1017e8a3b51da0599e03841cfa81e6?s=96&d=mm&r=g","height":96,"width":96}},"publisher":{"@type":"Organization","name":"issecv.cz","logo":{"@type":"ImageObject","@id":"\/logo.png","url":"\/logo.png","width":600,"height":60}},"image":{"@type":"ImageObject","@id":"https:\/\/www.issecv.cz\/wp-content\/uploads\/zubn%C3%AD%20l%C3%A9ka%C5%99_5.jpg","url":"https:\/\/www.issecv.cz\/wp-content\/uploads\/zubn%C3%AD%20l%C3%A9ka%C5%99_5.jpg","height":0,"width":0},"keywords":null},{"@type":"Article","@id":"https:\/\/www.issecv.cz\/profesionalni-firma\/","headline":"Profesion\u00e1ln\u00ed firma","url":"https:\/\/www.issecv.cz\/profesionalni-firma\/","datePublished":"2021-05-20","dateModified":"2023-09-01","mainEntityOfPage":"https:\/\/www.issecv.cz\/profesionalni-firma\/","author":{"@type":"Person","@id":"https:\/\/www.issecv.cz\/author\/#Person","name":"","url":"https:\/\/www.issecv.cz\/author\/","identifier":1,"image":{"@type":"ImageObject","@id":"https:\/\/secure.gravatar.com\/avatar\/cbcb92d2d459f60d1dc08d6e5973c6b0ed1017e8a3b51da0599e03841cfa81e6?s=96&d=mm&r=g","url":"https:\/\/secure.gravatar.com\/avatar\/cbcb92d2d459f60d1dc08d6e5973c6b0ed1017e8a3b51da0599e03841cfa81e6?s=96&d=mm&r=g","height":96,"width":96}},"publisher":{"@type":"Organization","name":"issecv.cz","logo":{"@type":"ImageObject","@id":"\/logo.png","url":"\/logo.png","width":600,"height":60}},"image":{"@type":"ImageObject","@id":"https:\/\/www.issecv.cz\/wp-content\/uploads\/stisk%20ruky_7.jpg","url":"https:\/\/www.issecv.cz\/wp-content\/uploads\/stisk%20ruky_7.jpg","height":0,"width":0},"keywords":null},{"@type":"Article","@id":"https:\/\/www.issecv.cz\/jak-muze-byt-nezavisly-seo-konzultant-pro-firmu-uzitecny\/","headline":"Jak m\u016f\u017ee b\u00fdt nez\u00e1visl\u00fd SEO konzultant pro firmu u\u017eite\u010dn\u00fd","url":"https:\/\/www.issecv.cz\/jak-muze-byt-nezavisly-seo-konzultant-pro-firmu-uzitecny\/","datePublished":"2020-12-15","dateModified":"2023-06-05","mainEntityOfPage":"https:\/\/www.issecv.cz\/jak-muze-byt-nezavisly-seo-konzultant-pro-firmu-uzitecny\/","author":{"@type":"Person","@id":"https:\/\/www.issecv.cz\/author\/#Person","name":"","url":"https:\/\/www.issecv.cz\/author\/","identifier":1,"image":{"@type":"ImageObject","@id":"https:\/\/secure.gravatar.com\/avatar\/cbcb92d2d459f60d1dc08d6e5973c6b0ed1017e8a3b51da0599e03841cfa81e6?s=96&d=mm&r=g","url":"https:\/\/secure.gravatar.com\/avatar\/cbcb92d2d459f60d1dc08d6e5973c6b0ed1017e8a3b51da0599e03841cfa81e6?s=96&d=mm&r=g","height":96,"width":96}},"publisher":{"@type":"Organization","name":"issecv.cz","logo":{"@type":"ImageObject","@id":"\/logo.png","url":"\/logo.png","width":600,"height":60}},"image":{"@type":"ImageObject","@id":"https:\/\/www.issecv.cz\/wp-content\/uploads\/seo5.png","url":"https:\/\/www.issecv.cz\/wp-content\/uploads\/seo5.png","height":0,"width":0},"keywords":null},{"@type":"Article","@id":"https:\/\/www.issecv.cz\/nenechte-na-vas-pri-stehovani-bytu-v-praze-pusobit-chronicky-stres\/","headline":"Nenechte na v\u00e1s p\u0159i st\u011bhov\u00e1n\u00ed bytu v Praze p\u016fsobit chronick\u00fd stres","url":"https:\/\/www.issecv.cz\/nenechte-na-vas-pri-stehovani-bytu-v-praze-pusobit-chronicky-stres\/","datePublished":"2020-10-12","dateModified":"2023-06-05","mainEntityOfPage":"https:\/\/www.issecv.cz\/nenechte-na-vas-pri-stehovani-bytu-v-praze-pusobit-chronicky-stres\/","author":{"@type":"Person","@id":"https:\/\/www.issecv.cz\/author\/#Person","name":"","url":"https:\/\/www.issecv.cz\/author\/","identifier":1,"image":{"@type":"ImageObject","@id":"https:\/\/secure.gravatar.com\/avatar\/cbcb92d2d459f60d1dc08d6e5973c6b0ed1017e8a3b51da0599e03841cfa81e6?s=96&d=mm&r=g","url":"https:\/\/secure.gravatar.com\/avatar\/cbcb92d2d459f60d1dc08d6e5973c6b0ed1017e8a3b51da0599e03841cfa81e6?s=96&d=mm&r=g","height":96,"width":96}},"publisher":{"@type":"Organization","name":"issecv.cz","logo":{"@type":"ImageObject","@id":"\/logo.png","url":"\/logo.png","width":600,"height":60}},"image":{"@type":"ImageObject","@id":"https:\/\/www.issecv.cz\/wp-content\/uploads\/bedny%20na%20st%C4%9Bhov%C3%A1n%C3%AD.jpg","url":"https:\/\/www.issecv.cz\/wp-content\/uploads\/bedny%20na%20st%C4%9Bhov%C3%A1n%C3%AD.jpg","height":0,"width":0},"keywords":null},{"@type":"Article","@id":"https:\/\/www.issecv.cz\/zaridte-si-sve-bydleni-tak-abyste-se-v-nem-vzdy-citili-co-nejlepe\/","headline":"Za\u0159i\u010fte si sv\u00e9 bydlen\u00ed tak, abyste se v n\u011bm v\u017edy c\u00edtili co nejl\u00e9pe","url":"https:\/\/www.issecv.cz\/zaridte-si-sve-bydleni-tak-abyste-se-v-nem-vzdy-citili-co-nejlepe\/","datePublished":"2020-08-09","dateModified":"2023-06-05","mainEntityOfPage":"https:\/\/www.issecv.cz\/zaridte-si-sve-bydleni-tak-abyste-se-v-nem-vzdy-citili-co-nejlepe\/","author":{"@type":"Person","@id":"https:\/\/www.issecv.cz\/author\/#Person","name":"","url":"https:\/\/www.issecv.cz\/author\/","identifier":1,"image":{"@type":"ImageObject","@id":"https:\/\/secure.gravatar.com\/avatar\/cbcb92d2d459f60d1dc08d6e5973c6b0ed1017e8a3b51da0599e03841cfa81e6?s=96&d=mm&r=g","url":"https:\/\/secure.gravatar.com\/avatar\/cbcb92d2d459f60d1dc08d6e5973c6b0ed1017e8a3b51da0599e03841cfa81e6?s=96&d=mm&r=g","height":96,"width":96}},"publisher":{"@type":"Organization","name":"issecv.cz","logo":{"@type":"ImageObject","@id":"\/logo.png","url":"\/logo.png","width":600,"height":60}},"image":{"@type":"ImageObject","@id":"https:\/\/www.issecv.cz\/wp-content\/uploads\/tree-3189339_1280.jpg","url":"https:\/\/www.issecv.cz\/wp-content\/uploads\/tree-3189339_1280.jpg","height":0,"width":0},"keywords":null}]}