[{"@context":"https:\/\/schema.org\/","@type":"Article","@id":"https:\/\/www.issecv.cz\/nejvetsi-svatebni-centrum-se-vsemi-svatebnimi-nezbytnostmi\/#Article","mainEntityOfPage":"https:\/\/www.issecv.cz\/nejvetsi-svatebni-centrum-se-vsemi-svatebnimi-nezbytnostmi\/","headline":"Nejv\u011bt\u0161\u00ed svatebn\u00ed centrum se v\u0161emi svatebn\u00edmi nezbytnostmi","name":"Nejv\u011bt\u0161\u00ed svatebn\u00ed centrum se v\u0161emi svatebn\u00edmi nezbytnostmi","description":"Ano, najdete ho v pra\u017esk\u00e9 metropoli v Let\u0148anech. \u0158e\u010d je o Svatebn\u00edm centru Adina, kam si chod\u00ed vyp\u016fj\u010dit \u0161aty i \u010desk\u00e9 celebrity. Nev\u011bsty, sh\u00e1n\u00edte ty&hellip;","datePublished":"2024-10-18","dateModified":"2024-10-18","author":{"@type":"Person","@id":"https:\/\/www.issecv.cz\/author\/#Person","name":"","url":"https:\/\/www.issecv.cz\/author\/","identifier":1,"image":{"@type":"ImageObject","@id":"https:\/\/secure.gravatar.com\/avatar\/cbcb92d2d459f60d1dc08d6e5973c6b0ed1017e8a3b51da0599e03841cfa81e6?s=96&d=mm&r=g","url":"https:\/\/secure.gravatar.com\/avatar\/cbcb92d2d459f60d1dc08d6e5973c6b0ed1017e8a3b51da0599e03841cfa81e6?s=96&d=mm&r=g","height":96,"width":96}},"publisher":{"@type":"Organization","name":"issecv.cz","logo":{"@type":"ImageObject","@id":"\/logo.png","url":"\/logo.png","width":600,"height":60}},"url":"https:\/\/www.issecv.cz\/nejvetsi-svatebni-centrum-se-vsemi-svatebnimi-nezbytnostmi\/","wordCount":226,"articleBody":"Ano, najdete ho v pra\u017esk\u00e9 metropoli v Let\u0148anech. \u0158e\u010d je o Svatebn\u00edm centru Adina, kam si chod\u00ed vyp\u016fj\u010dit \u0161aty i \u010desk\u00e9 celebrity. Nev\u011bsty, sh\u00e1n\u00edte ty spr\u00e1vn\u00e9 svatebn\u00ed \u0161aty, jak pro V\u00e1s, tak i pro Va\u0161eho nast\u00e1vaj\u00edc\u00edho? Budouc\u00ed maturantky, nev\u00edte, co na sebe na V\u00e1\u0161 maturitn\u00ed ples a m\u011blo by to b\u00fdt skute\u010dn\u011b n\u011bco v\u00fdjime\u010dn\u00e9ho? A\u0165 u\u017e sh\u00e1n\u00edte jak\u00e9koli spole\u010densk\u00e9 \u0161aty, zav\u00edtejte do Svatebn\u00edho centra Adina, kde si ur\u010dit\u011b vyberete, proto\u017e pr\u00e1v\u011b tady je doopravdy z \u010deho!Svatebn\u00ed \u0161aty Adina \u2013 to jsou spr\u00e1vn\u00e9 \u0161aty pro V\u00e1s, jestli\u017ee chcete svatbu jako v poh\u00e1dceSvatebn\u00ed centrum Adina s\u00eddl\u00ed v pra\u017esk\u00fdch Let\u0148anech, proto nev\u00e1hejte a zav\u00edtejte do tohoto svatebn\u00edho sal\u00f3nu, kam chod\u00ed i p\u0159edn\u00ed \u010desk\u00e9 celebrity. Maj\u00ed tu pro V\u00e1s opravdu skute\u010dn\u011b \u0161irok\u00fd v\u00fdb\u011br. K dispozici nejsou pouze a jen svatebn\u00ed \u0161aty, ale t\u0159eba tak\u00e9 spole\u010densk\u00e9 \u0161aty vhodn\u00e9 na maturitn\u00ed plesy nebo jin\u00e9 v\u00fdznamn\u00e9 p\u0159\u00edle\u017eitosti, a to jak v kr\u00e1tk\u00e9m, tak v dlouh\u00e9m proveden\u00ed. I pro mu\u017esk\u00e9 zastoupen\u00ed maj\u00ed spole\u010densk\u00e9 i svatebn\u00ed obleky, jak k prodeji, tak k vyp\u016fj\u010den\u00ed.                                                                                                                                                                                                                                                                                                                                                                                        4.7\/5 - (4 votes)        "},{"@context":"https:\/\/schema.org\/","@type":"BreadcrumbList","itemListElement":[{"@type":"ListItem","position":1,"name":"Nejv\u011bt\u0161\u00ed svatebn\u00ed centrum se v\u0161emi svatebn\u00edmi nezbytnostmi","item":"https:\/\/www.issecv.cz\/nejvetsi-svatebni-centrum-se-vsemi-svatebnimi-nezbytnostmi\/#breadcrumbitem"}]}]