{"@context":"https:\/\/schema.org\/","@type":"CollectionPage","@id":"https:\/\/www.issecv.cz\/nakupovani\/#CollectionPage","headline":"Nakupov\u00e1n\u00ed Category","description":"","url":"https:\/\/www.issecv.cz\/nakupovani\/","hasPart":[{"@type":"Article","@id":"https:\/\/www.issecv.cz\/betonove-ploty-s-dlouhou-zivotnosti-a-minimalnimi-naroky-na-udrzbu\/","headline":"Betonov\u00e9 ploty s dlouhou \u017eivotnost\u00ed a minim\u00e1ln\u00edmi n\u00e1roky na \u00fadr\u017ebu","url":"https:\/\/www.issecv.cz\/betonove-ploty-s-dlouhou-zivotnosti-a-minimalnimi-naroky-na-udrzbu\/","datePublished":"2021-02-17","dateModified":"2023-06-05","mainEntityOfPage":"https:\/\/www.issecv.cz\/betonove-ploty-s-dlouhou-zivotnosti-a-minimalnimi-naroky-na-udrzbu\/","author":{"@type":"Person","@id":"https:\/\/www.issecv.cz\/author\/#Person","name":"","url":"https:\/\/www.issecv.cz\/author\/","identifier":1,"image":{"@type":"ImageObject","@id":"https:\/\/secure.gravatar.com\/avatar\/cbcb92d2d459f60d1dc08d6e5973c6b0ed1017e8a3b51da0599e03841cfa81e6?s=96&d=mm&r=g","url":"https:\/\/secure.gravatar.com\/avatar\/cbcb92d2d459f60d1dc08d6e5973c6b0ed1017e8a3b51da0599e03841cfa81e6?s=96&d=mm&r=g","height":96,"width":96}},"publisher":{"@type":"Organization","name":"issecv.cz","logo":{"@type":"ImageObject","@id":"\/logo.png","url":"\/logo.png","width":600,"height":60}},"image":{"@type":"ImageObject","@id":"https:\/\/www.issecv.cz\/wp-content\/uploads\/art397380_1x1_20260816_233422_CpHeRc.jpg","url":"https:\/\/www.issecv.cz\/wp-content\/uploads\/art397380_1x1_20260816_233422_CpHeRc.jpg","height":0,"width":0},"keywords":null},{"@type":"Article","@id":"https:\/\/www.issecv.cz\/pripravte-se-na-leto\/","headline":"P\u0159ipravte se na l\u00e9to","url":"https:\/\/www.issecv.cz\/pripravte-se-na-leto\/","datePublished":"2020-12-13","dateModified":"2023-06-05","mainEntityOfPage":"https:\/\/www.issecv.cz\/pripravte-se-na-leto\/","author":{"@type":"Person","@id":"https:\/\/www.issecv.cz\/author\/#Person","name":"","url":"https:\/\/www.issecv.cz\/author\/","identifier":1,"image":{"@type":"ImageObject","@id":"https:\/\/secure.gravatar.com\/avatar\/cbcb92d2d459f60d1dc08d6e5973c6b0ed1017e8a3b51da0599e03841cfa81e6?s=96&d=mm&r=g","url":"https:\/\/secure.gravatar.com\/avatar\/cbcb92d2d459f60d1dc08d6e5973c6b0ed1017e8a3b51da0599e03841cfa81e6?s=96&d=mm&r=g","height":96,"width":96}},"publisher":{"@type":"Organization","name":"issecv.cz","logo":{"@type":"ImageObject","@id":"\/logo.png","url":"\/logo.png","width":600,"height":60}},"image":{"@type":"ImageObject","@id":"https:\/\/www.issecv.cz\/wp-content\/uploads\/sm%C4%9Bs%20sal%C3%A1t%C5%AF__340.jpg","url":"https:\/\/www.issecv.cz\/wp-content\/uploads\/sm%C4%9Bs%20sal%C3%A1t%C5%AF__340.jpg","height":0,"width":0},"keywords":null},{"@type":"Article","@id":"https:\/\/www.issecv.cz\/loznice-kam-se-budete-radi-vracet\/","headline":"Lo\u017enice, kam se budete r\u00e1di vracet","url":"https:\/\/www.issecv.cz\/loznice-kam-se-budete-radi-vracet\/","datePublished":"2020-11-15","dateModified":"2023-06-05","mainEntityOfPage":"https:\/\/www.issecv.cz\/loznice-kam-se-budete-radi-vracet\/","author":{"@type":"Person","@id":"https:\/\/www.issecv.cz\/author\/#Person","name":"","url":"https:\/\/www.issecv.cz\/author\/","identifier":1,"image":{"@type":"ImageObject","@id":"https:\/\/secure.gravatar.com\/avatar\/cbcb92d2d459f60d1dc08d6e5973c6b0ed1017e8a3b51da0599e03841cfa81e6?s=96&d=mm&r=g","url":"https:\/\/secure.gravatar.com\/avatar\/cbcb92d2d459f60d1dc08d6e5973c6b0ed1017e8a3b51da0599e03841cfa81e6?s=96&d=mm&r=g","height":96,"width":96}},"publisher":{"@type":"Organization","name":"issecv.cz","logo":{"@type":"ImageObject","@id":"\/logo.png","url":"\/logo.png","width":600,"height":60}},"image":{"@type":"ImageObject","@id":"https:\/\/www.issecv.cz\/wp-content\/uploads\/d%C5%99ev%C4%9Bn%C3%A1%20postel_10_2.jpg","url":"https:\/\/www.issecv.cz\/wp-content\/uploads\/d%C5%99ev%C4%9Bn%C3%A1%20postel_10_2.jpg","height":0,"width":0},"keywords":null},{"@type":"Article","@id":"https:\/\/www.issecv.cz\/vyroba-za-pomoci-soustruhu\/","headline":"V\u00fdroba za pomoc\u00ed soustruhu","url":"https:\/\/www.issecv.cz\/vyroba-za-pomoci-soustruhu\/","datePublished":"2020-08-21","dateModified":"2020-08-21","mainEntityOfPage":"https:\/\/www.issecv.cz\/vyroba-za-pomoci-soustruhu\/","author":{"@type":"Person","@id":"https:\/\/www.issecv.cz\/author\/#Person","name":"","url":"https:\/\/www.issecv.cz\/author\/","identifier":1,"image":{"@type":"ImageObject","@id":"https:\/\/secure.gravatar.com\/avatar\/cbcb92d2d459f60d1dc08d6e5973c6b0ed1017e8a3b51da0599e03841cfa81e6?s=96&d=mm&r=g","url":"https:\/\/secure.gravatar.com\/avatar\/cbcb92d2d459f60d1dc08d6e5973c6b0ed1017e8a3b51da0599e03841cfa81e6?s=96&d=mm&r=g","height":96,"width":96}},"publisher":{"@type":"Organization","name":"issecv.cz","logo":{"@type":"ImageObject","@id":"\/logo.png","url":"\/logo.png","width":600,"height":60}},"image":{"@type":"ImageObject","@id":"https:\/\/www.issecv.cz\/wp-content\/uploads\/obr%C3%A1b%C4%9Bn%C3%AD%20na%20soustruhu_1.jpg","url":"https:\/\/www.issecv.cz\/wp-content\/uploads\/obr%C3%A1b%C4%9Bn%C3%AD%20na%20soustruhu_1.jpg","height":0,"width":0},"keywords":null},{"@type":"Article","@id":"https:\/\/www.issecv.cz\/prirodni-kosmetika-ma-sve-kouzlo\/","headline":"P\u0159\u00edrodn\u00ed kosmetika m\u00e1 sv\u00e9 kouzlo","url":"https:\/\/www.issecv.cz\/prirodni-kosmetika-ma-sve-kouzlo\/","datePublished":"2020-05-18","dateModified":"2023-06-05","mainEntityOfPage":"https:\/\/www.issecv.cz\/prirodni-kosmetika-ma-sve-kouzlo\/","author":{"@type":"Person","@id":"https:\/\/www.issecv.cz\/author\/#Person","name":"","url":"https:\/\/www.issecv.cz\/author\/","identifier":1,"image":{"@type":"ImageObject","@id":"https:\/\/secure.gravatar.com\/avatar\/cbcb92d2d459f60d1dc08d6e5973c6b0ed1017e8a3b51da0599e03841cfa81e6?s=96&d=mm&r=g","url":"https:\/\/secure.gravatar.com\/avatar\/cbcb92d2d459f60d1dc08d6e5973c6b0ed1017e8a3b51da0599e03841cfa81e6?s=96&d=mm&r=g","height":96,"width":96}},"publisher":{"@type":"Organization","name":"issecv.cz","logo":{"@type":"ImageObject","@id":"\/logo.png","url":"\/logo.png","width":600,"height":60}},"image":{"@type":"ImageObject","@id":"https:\/\/www.issecv.cz\/wp-content\/uploads\/P%C5%99%C3%ADrodn%C3%AD%20kosmetika.jpg","url":"https:\/\/www.issecv.cz\/wp-content\/uploads\/P%C5%99%C3%ADrodn%C3%AD%20kosmetika.jpg","height":0,"width":0},"keywords":null},{"@type":"Article","@id":"https:\/\/www.issecv.cz\/raj-pro-milovnice-rucnich-praci\/","headline":"R\u00e1j pro milovnice ru\u010dn\u00edch prac\u00ed","url":"https:\/\/www.issecv.cz\/raj-pro-milovnice-rucnich-praci\/","datePublished":"2020-05-15","dateModified":"2023-06-05","mainEntityOfPage":"https:\/\/www.issecv.cz\/raj-pro-milovnice-rucnich-praci\/","author":{"@type":"Person","@id":"https:\/\/www.issecv.cz\/author\/#Person","name":"","url":"https:\/\/www.issecv.cz\/author\/","identifier":1,"image":{"@type":"ImageObject","@id":"https:\/\/secure.gravatar.com\/avatar\/cbcb92d2d459f60d1dc08d6e5973c6b0ed1017e8a3b51da0599e03841cfa81e6?s=96&d=mm&r=g","url":"https:\/\/secure.gravatar.com\/avatar\/cbcb92d2d459f60d1dc08d6e5973c6b0ed1017e8a3b51da0599e03841cfa81e6?s=96&d=mm&r=g","height":96,"width":96}},"publisher":{"@type":"Organization","name":"issecv.cz","logo":{"@type":"ImageObject","@id":"\/logo.png","url":"\/logo.png","width":600,"height":60}},"image":{"@type":"ImageObject","@id":"https:\/\/www.issecv.cz\/wp-content\/uploads\/drhan%C3%A1%20dekorace%20na%20plot.jpg","url":"https:\/\/www.issecv.cz\/wp-content\/uploads\/drhan%C3%A1%20dekorace%20na%20plot.jpg","height":0,"width":0},"keywords":null},{"@type":"Article","@id":"https:\/\/www.issecv.cz\/kde-se-pouzivaji-igelitove-obalky\/","headline":"Kde se pou\u017e\u00edvaj\u00ed igelitov\u00e9 ob\u00e1lky","url":"https:\/\/www.issecv.cz\/kde-se-pouzivaji-igelitove-obalky\/","datePublished":"2020-04-11","dateModified":"2023-09-18","mainEntityOfPage":"https:\/\/www.issecv.cz\/kde-se-pouzivaji-igelitove-obalky\/","author":{"@type":"Person","@id":"https:\/\/www.issecv.cz\/author\/#Person","name":"","url":"https:\/\/www.issecv.cz\/author\/","identifier":1,"image":{"@type":"ImageObject","@id":"https:\/\/secure.gravatar.com\/avatar\/cbcb92d2d459f60d1dc08d6e5973c6b0ed1017e8a3b51da0599e03841cfa81e6?s=96&d=mm&r=g","url":"https:\/\/secure.gravatar.com\/avatar\/cbcb92d2d459f60d1dc08d6e5973c6b0ed1017e8a3b51da0599e03841cfa81e6?s=96&d=mm&r=g","height":96,"width":96}},"publisher":{"@type":"Organization","name":"issecv.cz","logo":{"@type":"ImageObject","@id":"\/logo.png","url":"\/logo.png","width":600,"height":60}},"image":{"@type":"ImageObject","@id":"https:\/\/www.issecv.cz\/wp-content\/uploads\/art377639_4x3_20260821_211924_rqJf7v.jpg","url":"https:\/\/www.issecv.cz\/wp-content\/uploads\/art377639_4x3_20260821_211924_rqJf7v.jpg","height":0,"width":0},"keywords":null},{"@type":"Article","@id":"https:\/\/www.issecv.cz\/na-ktery-chleba-mate-chut\/","headline":"Na kter\u00fd chleba m\u00e1te chu\u0165?","url":"https:\/\/www.issecv.cz\/na-ktery-chleba-mate-chut\/","datePublished":"2020-02-27","dateModified":"2023-06-05","mainEntityOfPage":"https:\/\/www.issecv.cz\/na-ktery-chleba-mate-chut\/","author":{"@type":"Person","@id":"https:\/\/www.issecv.cz\/author\/#Person","name":"","url":"https:\/\/www.issecv.cz\/author\/","identifier":1,"image":{"@type":"ImageObject","@id":"https:\/\/secure.gravatar.com\/avatar\/cbcb92d2d459f60d1dc08d6e5973c6b0ed1017e8a3b51da0599e03841cfa81e6?s=96&d=mm&r=g","url":"https:\/\/secure.gravatar.com\/avatar\/cbcb92d2d459f60d1dc08d6e5973c6b0ed1017e8a3b51da0599e03841cfa81e6?s=96&d=mm&r=g","height":96,"width":96}},"publisher":{"@type":"Organization","name":"issecv.cz","logo":{"@type":"ImageObject","@id":"\/logo.png","url":"\/logo.png","width":600,"height":60}},"image":{"@type":"ImageObject","@id":"https:\/\/www.issecv.cz\/wp-content\/uploads\/img_a370636_w4345_t1582258080.jpg","url":"https:\/\/www.issecv.cz\/wp-content\/uploads\/img_a370636_w4345_t1582258080.jpg","height":0,"width":0},"keywords":null},{"@type":"Article","@id":"https:\/\/www.issecv.cz\/pozor-na-svetla\/","headline":"Pozor na sv\u011btla","url":"https:\/\/www.issecv.cz\/pozor-na-svetla\/","datePublished":"2019-12-17","dateModified":"2023-11-02","mainEntityOfPage":"https:\/\/www.issecv.cz\/pozor-na-svetla\/","author":{"@type":"Person","@id":"https:\/\/www.issecv.cz\/author\/#Person","name":"","url":"https:\/\/www.issecv.cz\/author\/","identifier":1,"image":{"@type":"ImageObject","@id":"https:\/\/secure.gravatar.com\/avatar\/cbcb92d2d459f60d1dc08d6e5973c6b0ed1017e8a3b51da0599e03841cfa81e6?s=96&d=mm&r=g","url":"https:\/\/secure.gravatar.com\/avatar\/cbcb92d2d459f60d1dc08d6e5973c6b0ed1017e8a3b51da0599e03841cfa81e6?s=96&d=mm&r=g","height":96,"width":96}},"publisher":{"@type":"Organization","name":"issecv.cz","logo":{"@type":"ImageObject","@id":"\/logo.png","url":"\/logo.png","width":600,"height":60}},"image":{"@type":"ImageObject","@id":"https:\/\/www.issecv.cz\/wp-content\/uploads\/img_a378305_w4269_t1589524989.jpg","url":"https:\/\/www.issecv.cz\/wp-content\/uploads\/img_a378305_w4269_t1589524989.jpg","height":0,"width":0},"keywords":null},{"@type":"Article","@id":"https:\/\/www.issecv.cz\/kde-koupit-obleceni-nadmernych-velikosti\/","headline":"Kde koupit oble\u010den\u00ed nadm\u011brn\u00fdch velikost\u00ed?","url":"https:\/\/www.issecv.cz\/kde-koupit-obleceni-nadmernych-velikosti\/","datePublished":"2019-11-15","dateModified":"2023-06-05","mainEntityOfPage":"https:\/\/www.issecv.cz\/kde-koupit-obleceni-nadmernych-velikosti\/","author":{"@type":"Person","@id":"https:\/\/www.issecv.cz\/author\/#Person","name":"","url":"https:\/\/www.issecv.cz\/author\/","identifier":1,"image":{"@type":"ImageObject","@id":"https:\/\/secure.gravatar.com\/avatar\/cbcb92d2d459f60d1dc08d6e5973c6b0ed1017e8a3b51da0599e03841cfa81e6?s=96&d=mm&r=g","url":"https:\/\/secure.gravatar.com\/avatar\/cbcb92d2d459f60d1dc08d6e5973c6b0ed1017e8a3b51da0599e03841cfa81e6?s=96&d=mm&r=g","height":96,"width":96}},"publisher":{"@type":"Organization","name":"issecv.cz","logo":{"@type":"ImageObject","@id":"\/logo.png","url":"\/logo.png","width":600,"height":60}},"image":{"@type":"ImageObject","@id":"https:\/\/www.issecv.cz\/wp-content\/uploads\/img_a359108_w3902_t1573292095.jpg","url":"https:\/\/www.issecv.cz\/wp-content\/uploads\/img_a359108_w3902_t1573292095.jpg","height":0,"width":0},"keywords":null}]}