{"@context":"https:\/\/schema.org\/","@type":"CollectionPage","@id":"https:\/\/www.issecv.cz\/nakupovani\/#CollectionPage","headline":"Nakupov\u00e1n\u00ed Category","description":"","url":"https:\/\/www.issecv.cz\/nakupovani\/","hasPart":[{"@type":"Article","@id":"https:\/\/www.issecv.cz\/k-cemu-slouzi-kyslikove-tablety-do-virivky\/","headline":"K \u010demu slou\u017e\u00ed kysl\u00edkov\u00e9 tablety do v\u00ed\u0159ivky","url":"https:\/\/www.issecv.cz\/k-cemu-slouzi-kyslikove-tablety-do-virivky\/","datePublished":"2022-04-26","dateModified":"2023-06-05","mainEntityOfPage":"https:\/\/www.issecv.cz\/k-cemu-slouzi-kyslikove-tablety-do-virivky\/","author":{"@type":"Person","@id":"https:\/\/www.issecv.cz\/author\/#Person","name":"","url":"https:\/\/www.issecv.cz\/author\/","identifier":1,"image":{"@type":"ImageObject","@id":"https:\/\/secure.gravatar.com\/avatar\/cbcb92d2d459f60d1dc08d6e5973c6b0ed1017e8a3b51da0599e03841cfa81e6?s=96&d=mm&r=g","url":"https:\/\/secure.gravatar.com\/avatar\/cbcb92d2d459f60d1dc08d6e5973c6b0ed1017e8a3b51da0599e03841cfa81e6?s=96&d=mm&r=g","height":96,"width":96}},"publisher":{"@type":"Organization","name":"issecv.cz","logo":{"@type":"ImageObject","@id":"\/logo.png","url":"\/logo.png","width":600,"height":60}},"image":{"@type":"ImageObject","@id":"https:\/\/www.issecv.cz\/wp-content\/uploads\/virivka1_4.jpg","url":"https:\/\/www.issecv.cz\/wp-content\/uploads\/virivka1_4.jpg","height":0,"width":0},"keywords":null},{"@type":"Article","@id":"https:\/\/www.issecv.cz\/proc-si-poridit-rakety-na-badminton\/","headline":"Pro\u010d si po\u0159\u00eddit rakety na badminton","url":"https:\/\/www.issecv.cz\/proc-si-poridit-rakety-na-badminton\/","datePublished":"2022-03-05","dateModified":"2023-06-05","mainEntityOfPage":"https:\/\/www.issecv.cz\/proc-si-poridit-rakety-na-badminton\/","author":{"@type":"Person","@id":"https:\/\/www.issecv.cz\/author\/#Person","name":"","url":"https:\/\/www.issecv.cz\/author\/","identifier":1,"image":{"@type":"ImageObject","@id":"https:\/\/secure.gravatar.com\/avatar\/cbcb92d2d459f60d1dc08d6e5973c6b0ed1017e8a3b51da0599e03841cfa81e6?s=96&d=mm&r=g","url":"https:\/\/secure.gravatar.com\/avatar\/cbcb92d2d459f60d1dc08d6e5973c6b0ed1017e8a3b51da0599e03841cfa81e6?s=96&d=mm&r=g","height":96,"width":96}},"publisher":{"@type":"Organization","name":"issecv.cz","logo":{"@type":"ImageObject","@id":"\/logo.png","url":"\/logo.png","width":600,"height":60}},"image":{"@type":"ImageObject","@id":"https:\/\/www.issecv.cz\/wp-content\/uploads\/racket-4164387_640_1.jpg","url":"https:\/\/www.issecv.cz\/wp-content\/uploads\/racket-4164387_640_1.jpg","height":0,"width":0},"keywords":null},{"@type":"Article","@id":"https:\/\/www.issecv.cz\/moldavske-vino-jako-nove-objeveny-poklad\/","headline":"Moldavsk\u00e9 v\u00edno jako nov\u011b objeven\u00fd poklad","url":"https:\/\/www.issecv.cz\/moldavske-vino-jako-nove-objeveny-poklad\/","datePublished":"2022-01-21","dateModified":"2023-06-05","mainEntityOfPage":"https:\/\/www.issecv.cz\/moldavske-vino-jako-nove-objeveny-poklad\/","author":{"@type":"Person","@id":"https:\/\/www.issecv.cz\/author\/#Person","name":"","url":"https:\/\/www.issecv.cz\/author\/","identifier":1,"image":{"@type":"ImageObject","@id":"https:\/\/secure.gravatar.com\/avatar\/cbcb92d2d459f60d1dc08d6e5973c6b0ed1017e8a3b51da0599e03841cfa81e6?s=96&d=mm&r=g","url":"https:\/\/secure.gravatar.com\/avatar\/cbcb92d2d459f60d1dc08d6e5973c6b0ed1017e8a3b51da0599e03841cfa81e6?s=96&d=mm&r=g","height":96,"width":96}},"publisher":{"@type":"Organization","name":"issecv.cz","logo":{"@type":"ImageObject","@id":"\/logo.png","url":"\/logo.png","width":600,"height":60}},"image":{"@type":"ImageObject","@id":"https:\/\/www.issecv.cz\/wp-content\/uploads\/sklenka%20v%C3%ADna.jpg","url":"https:\/\/www.issecv.cz\/wp-content\/uploads\/sklenka%20v%C3%ADna.jpg","height":0,"width":0},"keywords":null},{"@type":"Article","@id":"https:\/\/www.issecv.cz\/trampolina-zabavi-uplne-kazdeho\/","headline":"Trampol\u00edna zabav\u00ed \u00fapln\u011b ka\u017ed\u00e9ho","url":"https:\/\/www.issecv.cz\/trampolina-zabavi-uplne-kazdeho\/","datePublished":"2022-01-16","dateModified":"2023-06-05","mainEntityOfPage":"https:\/\/www.issecv.cz\/trampolina-zabavi-uplne-kazdeho\/","author":{"@type":"Person","@id":"https:\/\/www.issecv.cz\/author\/#Person","name":"","url":"https:\/\/www.issecv.cz\/author\/","identifier":1,"image":{"@type":"ImageObject","@id":"https:\/\/secure.gravatar.com\/avatar\/cbcb92d2d459f60d1dc08d6e5973c6b0ed1017e8a3b51da0599e03841cfa81e6?s=96&d=mm&r=g","url":"https:\/\/secure.gravatar.com\/avatar\/cbcb92d2d459f60d1dc08d6e5973c6b0ed1017e8a3b51da0599e03841cfa81e6?s=96&d=mm&r=g","height":96,"width":96}},"publisher":{"@type":"Organization","name":"issecv.cz","logo":{"@type":"ImageObject","@id":"\/logo.png","url":"\/logo.png","width":600,"height":60}},"image":{"@type":"ImageObject","@id":"https:\/\/www.issecv.cz\/wp-content\/uploads\/child-gymnastics-g5b8ce69c1_1280.png","url":"https:\/\/www.issecv.cz\/wp-content\/uploads\/child-gymnastics-g5b8ce69c1_1280.png","height":0,"width":0},"keywords":null},{"@type":"Article","@id":"https:\/\/www.issecv.cz\/perfect-experience-in-salon\/","headline":"Perfect experience in salon","url":"https:\/\/www.issecv.cz\/perfect-experience-in-salon\/","datePublished":"2021-12-02","dateModified":"2023-06-05","mainEntityOfPage":"https:\/\/www.issecv.cz\/perfect-experience-in-salon\/","author":{"@type":"Person","@id":"https:\/\/www.issecv.cz\/author\/#Person","name":"","url":"https:\/\/www.issecv.cz\/author\/","identifier":1,"image":{"@type":"ImageObject","@id":"https:\/\/secure.gravatar.com\/avatar\/cbcb92d2d459f60d1dc08d6e5973c6b0ed1017e8a3b51da0599e03841cfa81e6?s=96&d=mm&r=g","url":"https:\/\/secure.gravatar.com\/avatar\/cbcb92d2d459f60d1dc08d6e5973c6b0ed1017e8a3b51da0599e03841cfa81e6?s=96&d=mm&r=g","height":96,"width":96}},"publisher":{"@type":"Organization","name":"issecv.cz","logo":{"@type":"ImageObject","@id":"\/logo.png","url":"\/logo.png","width":600,"height":60}},"image":{"@type":"ImageObject","@id":"https:\/\/www.issecv.cz\/wp-content\/uploads\/woman-g819214dfd_640.jpg","url":"https:\/\/www.issecv.cz\/wp-content\/uploads\/woman-g819214dfd_640.jpg","height":0,"width":0},"keywords":null},{"@type":"Article","@id":"https:\/\/www.issecv.cz\/jaky-vybrat-odpadkovy-kos-do-domacnosti-zalezi-na-materialu-i-velikosti\/","headline":"Jak\u00fd vybrat odpadkov\u00fd ko\u0161 do dom\u00e1cnosti? Z\u00e1le\u017e\u00ed na materi\u00e1lu i velikosti!","url":"https:\/\/www.issecv.cz\/jaky-vybrat-odpadkovy-kos-do-domacnosti-zalezi-na-materialu-i-velikosti\/","datePublished":"2021-10-22","dateModified":"2023-06-05","mainEntityOfPage":"https:\/\/www.issecv.cz\/jaky-vybrat-odpadkovy-kos-do-domacnosti-zalezi-na-materialu-i-velikosti\/","author":{"@type":"Person","@id":"https:\/\/www.issecv.cz\/author\/#Person","name":"","url":"https:\/\/www.issecv.cz\/author\/","identifier":1,"image":{"@type":"ImageObject","@id":"https:\/\/secure.gravatar.com\/avatar\/cbcb92d2d459f60d1dc08d6e5973c6b0ed1017e8a3b51da0599e03841cfa81e6?s=96&d=mm&r=g","url":"https:\/\/secure.gravatar.com\/avatar\/cbcb92d2d459f60d1dc08d6e5973c6b0ed1017e8a3b51da0599e03841cfa81e6?s=96&d=mm&r=g","height":96,"width":96}},"publisher":{"@type":"Organization","name":"issecv.cz","logo":{"@type":"ImageObject","@id":"\/logo.png","url":"\/logo.png","width":600,"height":60}},"image":{"@type":"ImageObject","@id":"https:\/\/www.issecv.cz\/wp-content\/uploads\/pexels-photo-6045333.jpeg","url":"https:\/\/www.issecv.cz\/wp-content\/uploads\/pexels-photo-6045333.jpeg","height":0,"width":0},"keywords":null},{"@type":"Article","@id":"https:\/\/www.issecv.cz\/modely-aut\/","headline":"Modely aut","url":"https:\/\/www.issecv.cz\/modely-aut\/","datePublished":"2021-09-15","dateModified":"2023-06-05","mainEntityOfPage":"https:\/\/www.issecv.cz\/modely-aut\/","author":{"@type":"Person","@id":"https:\/\/www.issecv.cz\/author\/#Person","name":"","url":"https:\/\/www.issecv.cz\/author\/","identifier":1,"image":{"@type":"ImageObject","@id":"https:\/\/secure.gravatar.com\/avatar\/cbcb92d2d459f60d1dc08d6e5973c6b0ed1017e8a3b51da0599e03841cfa81e6?s=96&d=mm&r=g","url":"https:\/\/secure.gravatar.com\/avatar\/cbcb92d2d459f60d1dc08d6e5973c6b0ed1017e8a3b51da0599e03841cfa81e6?s=96&d=mm&r=g","height":96,"width":96}},"publisher":{"@type":"Organization","name":"issecv.cz","logo":{"@type":"ImageObject","@id":"\/logo.png","url":"\/logo.png","width":600,"height":60}},"image":{"@type":"ImageObject","@id":"https:\/\/www.issecv.cz\/wp-content\/uploads\/osobn%C3%AD%20v%C5%AFz_2.jpg","url":"https:\/\/www.issecv.cz\/wp-content\/uploads\/osobn%C3%AD%20v%C5%AFz_2.jpg","height":0,"width":0},"keywords":null},{"@type":"Article","@id":"https:\/\/www.issecv.cz\/sacky-se-zipem-nahradi-dozy\/","headline":"S\u00e1\u010dky se zipem nahrad\u00ed d\u00f3zy","url":"https:\/\/www.issecv.cz\/sacky-se-zipem-nahradi-dozy\/","datePublished":"2021-09-02","dateModified":"2023-06-05","mainEntityOfPage":"https:\/\/www.issecv.cz\/sacky-se-zipem-nahradi-dozy\/","author":{"@type":"Person","@id":"https:\/\/www.issecv.cz\/author\/#Person","name":"","url":"https:\/\/www.issecv.cz\/author\/","identifier":1,"image":{"@type":"ImageObject","@id":"https:\/\/secure.gravatar.com\/avatar\/cbcb92d2d459f60d1dc08d6e5973c6b0ed1017e8a3b51da0599e03841cfa81e6?s=96&d=mm&r=g","url":"https:\/\/secure.gravatar.com\/avatar\/cbcb92d2d459f60d1dc08d6e5973c6b0ed1017e8a3b51da0599e03841cfa81e6?s=96&d=mm&r=g","height":96,"width":96}},"publisher":{"@type":"Organization","name":"issecv.cz","logo":{"@type":"ImageObject","@id":"\/logo.png","url":"\/logo.png","width":600,"height":60}},"image":{"@type":"ImageObject","@id":"https:\/\/www.issecv.cz\/wp-content\/uploads\/pulses-gf1cbbfd80_640.jpg","url":"https:\/\/www.issecv.cz\/wp-content\/uploads\/pulses-gf1cbbfd80_640.jpg","height":0,"width":0},"keywords":null},{"@type":"Article","@id":"https:\/\/www.issecv.cz\/knizkovy-obal-na-mobil-huawei-patri-k-nejoblibenejsim\/","headline":"Kn\u00ed\u017ekov\u00fd obal na mobil Huawei pat\u0159\u00ed k nejobl\u00edben\u011bj\u0161\u00edm","url":"https:\/\/www.issecv.cz\/knizkovy-obal-na-mobil-huawei-patri-k-nejoblibenejsim\/","datePublished":"2021-08-07","dateModified":"2023-06-05","mainEntityOfPage":"https:\/\/www.issecv.cz\/knizkovy-obal-na-mobil-huawei-patri-k-nejoblibenejsim\/","author":{"@type":"Person","@id":"https:\/\/www.issecv.cz\/author\/#Person","name":"","url":"https:\/\/www.issecv.cz\/author\/","identifier":1,"image":{"@type":"ImageObject","@id":"https:\/\/secure.gravatar.com\/avatar\/cbcb92d2d459f60d1dc08d6e5973c6b0ed1017e8a3b51da0599e03841cfa81e6?s=96&d=mm&r=g","url":"https:\/\/secure.gravatar.com\/avatar\/cbcb92d2d459f60d1dc08d6e5973c6b0ed1017e8a3b51da0599e03841cfa81e6?s=96&d=mm&r=g","height":96,"width":96}},"publisher":{"@type":"Organization","name":"issecv.cz","logo":{"@type":"ImageObject","@id":"\/logo.png","url":"\/logo.png","width":600,"height":60}},"image":{"@type":"ImageObject","@id":"https:\/\/www.issecv.cz\/wp-content\/uploads\/d%C3%ADvka%20s%20mobilem_10_9.jpg","url":"https:\/\/www.issecv.cz\/wp-content\/uploads\/d%C3%ADvka%20s%20mobilem_10_9.jpg","height":0,"width":0},"keywords":null},{"@type":"Article","@id":"https:\/\/www.issecv.cz\/pokud-chcete-vsadit-na-kvalitu-tak-vsadte-na-samsung\/","headline":"Pokud chcete vsadit na kvalitu, tak vsa\u010fte na Samsung","url":"https:\/\/www.issecv.cz\/pokud-chcete-vsadit-na-kvalitu-tak-vsadte-na-samsung\/","datePublished":"2021-05-14","dateModified":"2023-06-05","mainEntityOfPage":"https:\/\/www.issecv.cz\/pokud-chcete-vsadit-na-kvalitu-tak-vsadte-na-samsung\/","author":{"@type":"Person","@id":"https:\/\/www.issecv.cz\/author\/#Person","name":"","url":"https:\/\/www.issecv.cz\/author\/","identifier":1,"image":{"@type":"ImageObject","@id":"https:\/\/secure.gravatar.com\/avatar\/cbcb92d2d459f60d1dc08d6e5973c6b0ed1017e8a3b51da0599e03841cfa81e6?s=96&d=mm&r=g","url":"https:\/\/secure.gravatar.com\/avatar\/cbcb92d2d459f60d1dc08d6e5973c6b0ed1017e8a3b51da0599e03841cfa81e6?s=96&d=mm&r=g","height":96,"width":96}},"publisher":{"@type":"Organization","name":"issecv.cz","logo":{"@type":"ImageObject","@id":"\/logo.png","url":"\/logo.png","width":600,"height":60}},"image":{"@type":"ImageObject","@id":"https:\/\/www.issecv.cz\/wp-content\/uploads\/image-in-the-image-2204798_640.jpg","url":"https:\/\/www.issecv.cz\/wp-content\/uploads\/image-in-the-image-2204798_640.jpg","height":0,"width":0},"keywords":null}]}