{"@context":"https:\/\/schema.org\/","@type":"CollectionPage","@id":"https:\/\/www.issecv.cz\/nakupovani\/#CollectionPage","headline":"Nakupov\u00e1n\u00ed Category","description":"","url":"https:\/\/www.issecv.cz\/nakupovani\/","hasPart":[{"@type":"Article","@id":"https:\/\/www.issecv.cz\/plastova-okna-jako-vyhodna-investice\/","headline":"Plastov\u00e1 okna jako v\u00fdhodn\u00e1 investice","url":"https:\/\/www.issecv.cz\/plastova-okna-jako-vyhodna-investice\/","datePublished":"2026-07-13","dateModified":"2026-07-13","mainEntityOfPage":"https:\/\/www.issecv.cz\/plastova-okna-jako-vyhodna-investice\/","author":{"@type":"Person","@id":"https:\/\/www.issecv.cz\/author\/#Person","name":"","url":"https:\/\/www.issecv.cz\/author\/","identifier":1,"image":{"@type":"ImageObject","@id":"https:\/\/secure.gravatar.com\/avatar\/cbcb92d2d459f60d1dc08d6e5973c6b0ed1017e8a3b51da0599e03841cfa81e6?s=96&d=mm&r=g","url":"https:\/\/secure.gravatar.com\/avatar\/cbcb92d2d459f60d1dc08d6e5973c6b0ed1017e8a3b51da0599e03841cfa81e6?s=96&d=mm&r=g","height":96,"width":96}},"publisher":{"@type":"Organization","name":"issecv.cz","logo":{"@type":"ImageObject","@id":"\/logo.png","url":"\/logo.png","width":600,"height":60}},"image":{"@type":"ImageObject","@id":"https:\/\/www.issecv.cz\/wp-content\/uploads\/pexels-meri-verbina-450425482-17404700.jpg","url":"https:\/\/www.issecv.cz\/wp-content\/uploads\/pexels-meri-verbina-450425482-17404700.jpg","height":0,"width":0},"keywords":null},{"@type":"Article","@id":"https:\/\/www.issecv.cz\/uklid-po-vyklizeni-nemovitosti\/","headline":"\u00daklid po vyklizen\u00ed nemovitosti","url":"https:\/\/www.issecv.cz\/uklid-po-vyklizeni-nemovitosti\/","datePublished":"2026-07-09","dateModified":"2026-07-09","mainEntityOfPage":"https:\/\/www.issecv.cz\/uklid-po-vyklizeni-nemovitosti\/","author":{"@type":"Person","@id":"https:\/\/www.issecv.cz\/author\/#Person","name":"","url":"https:\/\/www.issecv.cz\/author\/","identifier":1,"image":{"@type":"ImageObject","@id":"https:\/\/secure.gravatar.com\/avatar\/cbcb92d2d459f60d1dc08d6e5973c6b0ed1017e8a3b51da0599e03841cfa81e6?s=96&d=mm&r=g","url":"https:\/\/secure.gravatar.com\/avatar\/cbcb92d2d459f60d1dc08d6e5973c6b0ed1017e8a3b51da0599e03841cfa81e6?s=96&d=mm&r=g","height":96,"width":96}},"publisher":{"@type":"Organization","name":"issecv.cz","logo":{"@type":"ImageObject","@id":"\/logo.png","url":"\/logo.png","width":600,"height":60}},"image":{"@type":"ImageObject","@id":"https:\/\/www.issecv.cz\/wp-content\/uploads\/pexels-boom-12585524.jpg","url":"https:\/\/www.issecv.cz\/wp-content\/uploads\/pexels-boom-12585524.jpg","height":0,"width":0},"keywords":null},{"@type":"Article","@id":"https:\/\/www.issecv.cz\/jak-zvladnout-stehovani\/","headline":"Jak zvl\u00e1dnout st\u011bhov\u00e1n\u00ed","url":"https:\/\/www.issecv.cz\/jak-zvladnout-stehovani\/","datePublished":"2026-06-11","dateModified":"2026-06-11","mainEntityOfPage":"https:\/\/www.issecv.cz\/jak-zvladnout-stehovani\/","author":{"@type":"Person","@id":"https:\/\/www.issecv.cz\/author\/#Person","name":"","url":"https:\/\/www.issecv.cz\/author\/","identifier":1,"image":{"@type":"ImageObject","@id":"https:\/\/secure.gravatar.com\/avatar\/cbcb92d2d459f60d1dc08d6e5973c6b0ed1017e8a3b51da0599e03841cfa81e6?s=96&d=mm&r=g","url":"https:\/\/secure.gravatar.com\/avatar\/cbcb92d2d459f60d1dc08d6e5973c6b0ed1017e8a3b51da0599e03841cfa81e6?s=96&d=mm&r=g","height":96,"width":96}},"publisher":{"@type":"Organization","name":"issecv.cz","logo":{"@type":"ImageObject","@id":"\/logo.png","url":"\/logo.png","width":600,"height":60}},"image":{"@type":"ImageObject","@id":"https:\/\/www.issecv.cz\/wp-content\/uploads\/msaeedsalem-movable-2507270_640_7.png","url":"https:\/\/www.issecv.cz\/wp-content\/uploads\/msaeedsalem-movable-2507270_640_7.png","height":0,"width":0},"keywords":null},{"@type":"Article","@id":"https:\/\/www.issecv.cz\/nad-vlastni-bazen-neni\/","headline":"Nad vlastn\u00ed baz\u00e9n nen\u00ed","url":"https:\/\/www.issecv.cz\/nad-vlastni-bazen-neni\/","datePublished":"2026-05-23","dateModified":"2026-05-23","mainEntityOfPage":"https:\/\/www.issecv.cz\/nad-vlastni-bazen-neni\/","author":{"@type":"Person","@id":"https:\/\/www.issecv.cz\/author\/#Person","name":"","url":"https:\/\/www.issecv.cz\/author\/","identifier":1,"image":{"@type":"ImageObject","@id":"https:\/\/secure.gravatar.com\/avatar\/cbcb92d2d459f60d1dc08d6e5973c6b0ed1017e8a3b51da0599e03841cfa81e6?s=96&d=mm&r=g","url":"https:\/\/secure.gravatar.com\/avatar\/cbcb92d2d459f60d1dc08d6e5973c6b0ed1017e8a3b51da0599e03841cfa81e6?s=96&d=mm&r=g","height":96,"width":96}},"publisher":{"@type":"Organization","name":"issecv.cz","logo":{"@type":"ImageObject","@id":"\/logo.png","url":"\/logo.png","width":600,"height":60}},"image":{"@type":"ImageObject","@id":"https:\/\/www.issecv.cz\/wp-content\/uploads\/bbbbbbbbbbbbbbbb_10_5.jpg","url":"https:\/\/www.issecv.cz\/wp-content\/uploads\/bbbbbbbbbbbbbbbb_10_5.jpg","height":0,"width":0},"keywords":null},{"@type":"Article","@id":"https:\/\/www.issecv.cz\/instalatersky-havarijni-servis-se-bez-auta-neobejde\/","headline":"Instalat\u00e9rsk\u00fd havarijn\u00ed servis se bez auta neobejde","url":"https:\/\/www.issecv.cz\/instalatersky-havarijni-servis-se-bez-auta-neobejde\/","datePublished":"2026-05-03","dateModified":"2026-05-03","mainEntityOfPage":"https:\/\/www.issecv.cz\/instalatersky-havarijni-servis-se-bez-auta-neobejde\/","author":{"@type":"Person","@id":"https:\/\/www.issecv.cz\/author\/#Person","name":"","url":"https:\/\/www.issecv.cz\/author\/","identifier":1,"image":{"@type":"ImageObject","@id":"https:\/\/secure.gravatar.com\/avatar\/cbcb92d2d459f60d1dc08d6e5973c6b0ed1017e8a3b51da0599e03841cfa81e6?s=96&d=mm&r=g","url":"https:\/\/secure.gravatar.com\/avatar\/cbcb92d2d459f60d1dc08d6e5973c6b0ed1017e8a3b51da0599e03841cfa81e6?s=96&d=mm&r=g","height":96,"width":96}},"publisher":{"@type":"Organization","name":"issecv.cz","logo":{"@type":"ImageObject","@id":"\/logo.png","url":"\/logo.png","width":600,"height":60}},"image":{"@type":"ImageObject","@id":"https:\/\/www.issecv.cz\/wp-content\/uploads\/alexas_fotos-plumber-2547329_640.jpg","url":"https:\/\/www.issecv.cz\/wp-content\/uploads\/alexas_fotos-plumber-2547329_640.jpg","height":0,"width":0},"keywords":null},{"@type":"Article","@id":"https:\/\/www.issecv.cz\/mit-bazen-je-idealni\/","headline":"M\u00edt baz\u00e9n je ide\u00e1ln\u00ed","url":"https:\/\/www.issecv.cz\/mit-bazen-je-idealni\/","datePublished":"2026-04-21","dateModified":"2026-04-21","mainEntityOfPage":"https:\/\/www.issecv.cz\/mit-bazen-je-idealni\/","author":{"@type":"Person","@id":"https:\/\/www.issecv.cz\/author\/#Person","name":"","url":"https:\/\/www.issecv.cz\/author\/","identifier":1,"image":{"@type":"ImageObject","@id":"https:\/\/secure.gravatar.com\/avatar\/cbcb92d2d459f60d1dc08d6e5973c6b0ed1017e8a3b51da0599e03841cfa81e6?s=96&d=mm&r=g","url":"https:\/\/secure.gravatar.com\/avatar\/cbcb92d2d459f60d1dc08d6e5973c6b0ed1017e8a3b51da0599e03841cfa81e6?s=96&d=mm&r=g","height":96,"width":96}},"publisher":{"@type":"Organization","name":"issecv.cz","logo":{"@type":"ImageObject","@id":"\/logo.png","url":"\/logo.png","width":600,"height":60}},"image":{"@type":"ImageObject","@id":"https:\/\/www.issecv.cz\/wp-content\/uploads\/bbbbbbbbbbbbbbbbbbbbbbbb_7.jpg","url":"https:\/\/www.issecv.cz\/wp-content\/uploads\/bbbbbbbbbbbbbbbbbbbbbbbb_7.jpg","height":0,"width":0},"keywords":null},{"@type":"Article","@id":"https:\/\/www.issecv.cz\/obdobi-chripek-a-nachlazeni-je-tady-a-diky-testum-muzete-vcas-zamezit-sireni-nemoci\/","headline":"Obdob\u00ed ch\u0159ipek a nachlazen\u00ed je tady a d\u00edky test\u016fm m\u016f\u017eete v\u010das zamezit \u0161\u00ed\u0159en\u00ed nemoci","url":"https:\/\/www.issecv.cz\/obdobi-chripek-a-nachlazeni-je-tady-a-diky-testum-muzete-vcas-zamezit-sireni-nemoci\/","datePublished":"2026-01-07","dateModified":"2026-01-07","mainEntityOfPage":"https:\/\/www.issecv.cz\/obdobi-chripek-a-nachlazeni-je-tady-a-diky-testum-muzete-vcas-zamezit-sireni-nemoci\/","author":{"@type":"Person","@id":"https:\/\/www.issecv.cz\/author\/#Person","name":"","url":"https:\/\/www.issecv.cz\/author\/","identifier":1,"image":{"@type":"ImageObject","@id":"https:\/\/secure.gravatar.com\/avatar\/cbcb92d2d459f60d1dc08d6e5973c6b0ed1017e8a3b51da0599e03841cfa81e6?s=96&d=mm&r=g","url":"https:\/\/secure.gravatar.com\/avatar\/cbcb92d2d459f60d1dc08d6e5973c6b0ed1017e8a3b51da0599e03841cfa81e6?s=96&d=mm&r=g","height":96,"width":96}},"publisher":{"@type":"Organization","name":"issecv.cz","logo":{"@type":"ImageObject","@id":"\/logo.png","url":"\/logo.png","width":600,"height":60}},"image":{"@type":"ImageObject","@id":"https:\/\/www.issecv.cz\/wp-content\/uploads\/mastertux-viruses-5024537_1920.jpg","url":"https:\/\/www.issecv.cz\/wp-content\/uploads\/mastertux-viruses-5024537_1920.jpg","height":0,"width":0},"keywords":null},{"@type":"Article","@id":"https:\/\/www.issecv.cz\/kdyz-uderi-letni-tropy\/","headline":"Kdy\u017e ude\u0159\u00ed letn\u00ed tropy","url":"https:\/\/www.issecv.cz\/kdyz-uderi-letni-tropy\/","datePublished":"2025-11-03","dateModified":"2025-11-03","mainEntityOfPage":"https:\/\/www.issecv.cz\/kdyz-uderi-letni-tropy\/","author":{"@type":"Person","@id":"https:\/\/www.issecv.cz\/author\/#Person","name":"","url":"https:\/\/www.issecv.cz\/author\/","identifier":1,"image":{"@type":"ImageObject","@id":"https:\/\/secure.gravatar.com\/avatar\/cbcb92d2d459f60d1dc08d6e5973c6b0ed1017e8a3b51da0599e03841cfa81e6?s=96&d=mm&r=g","url":"https:\/\/secure.gravatar.com\/avatar\/cbcb92d2d459f60d1dc08d6e5973c6b0ed1017e8a3b51da0599e03841cfa81e6?s=96&d=mm&r=g","height":96,"width":96}},"publisher":{"@type":"Organization","name":"issecv.cz","logo":{"@type":"ImageObject","@id":"\/logo.png","url":"\/logo.png","width":600,"height":60}},"image":{"@type":"ImageObject","@id":"https:\/\/www.issecv.cz\/wp-content\/uploads\/remote-control-4806496_640_10_6.jpg","url":"https:\/\/www.issecv.cz\/wp-content\/uploads\/remote-control-4806496_640_10_6.jpg","height":0,"width":0},"keywords":null},{"@type":"Article","@id":"https:\/\/www.issecv.cz\/na-dekoru-vestavene-skrine-zalezi\/","headline":"Na dekoru vestav\u011bn\u00e9 sk\u0159\u00edn\u011b z\u00e1le\u017e\u00ed","url":"https:\/\/www.issecv.cz\/na-dekoru-vestavene-skrine-zalezi\/","datePublished":"2025-06-21","dateModified":"2025-06-21","mainEntityOfPage":"https:\/\/www.issecv.cz\/na-dekoru-vestavene-skrine-zalezi\/","author":{"@type":"Person","@id":"https:\/\/www.issecv.cz\/author\/#Person","name":"","url":"https:\/\/www.issecv.cz\/author\/","identifier":1,"image":{"@type":"ImageObject","@id":"https:\/\/secure.gravatar.com\/avatar\/cbcb92d2d459f60d1dc08d6e5973c6b0ed1017e8a3b51da0599e03841cfa81e6?s=96&d=mm&r=g","url":"https:\/\/secure.gravatar.com\/avatar\/cbcb92d2d459f60d1dc08d6e5973c6b0ed1017e8a3b51da0599e03841cfa81e6?s=96&d=mm&r=g","height":96,"width":96}},"publisher":{"@type":"Organization","name":"issecv.cz","logo":{"@type":"ImageObject","@id":"\/logo.png","url":"\/logo.png","width":600,"height":60}},"image":{"@type":"ImageObject","@id":"https:\/\/www.issecv.cz\/wp-content\/uploads\/mountains-1985027_640.jpg","url":"https:\/\/www.issecv.cz\/wp-content\/uploads\/mountains-1985027_640.jpg","height":0,"width":0},"keywords":null},{"@type":"Article","@id":"https:\/\/www.issecv.cz\/mitragyna-speciosa-neboli-kratom\/","headline":"Mitragyna speciosa neboli kratom","url":"https:\/\/www.issecv.cz\/mitragyna-speciosa-neboli-kratom\/","datePublished":"2025-05-13","dateModified":"2026-01-17","mainEntityOfPage":"https:\/\/www.issecv.cz\/mitragyna-speciosa-neboli-kratom\/","author":{"@type":"Person","@id":"https:\/\/www.issecv.cz\/author\/#Person","name":"","url":"https:\/\/www.issecv.cz\/author\/","identifier":1,"image":{"@type":"ImageObject","@id":"https:\/\/secure.gravatar.com\/avatar\/cbcb92d2d459f60d1dc08d6e5973c6b0ed1017e8a3b51da0599e03841cfa81e6?s=96&d=mm&r=g","url":"https:\/\/secure.gravatar.com\/avatar\/cbcb92d2d459f60d1dc08d6e5973c6b0ed1017e8a3b51da0599e03841cfa81e6?s=96&d=mm&r=g","height":96,"width":96}},"publisher":{"@type":"Organization","name":"issecv.cz","logo":{"@type":"ImageObject","@id":"\/logo.png","url":"\/logo.png","width":600,"height":60}},"image":{"@type":"ImageObject","@id":"https:\/\/www.issecv.cz\/wp-content\/uploads\/mrbinz-sunset-9017041_640_1.jpg","url":"https:\/\/www.issecv.cz\/wp-content\/uploads\/mrbinz-sunset-9017041_640_1.jpg","height":0,"width":0},"keywords":null}]}