[{"@context":"https:\/\/schema.org\/","@type":"Article","@id":"https:\/\/www.issecv.cz\/motivy-ktere-jste-jeste-nevideli\/#Article","mainEntityOfPage":"https:\/\/www.issecv.cz\/motivy-ktere-jste-jeste-nevideli\/","headline":"Motivy, kter\u00e9 jste je\u0161t\u011b nevid\u011bli","name":"Motivy, kter\u00e9 jste je\u0161t\u011b nevid\u011bli","description":"Hled\u00e1te origin\u00e1ln\u00ed d\u011btsk\u00e1 tri\u010dka, kter\u00e1 ud\u011blaj\u00ed z va\u0161ich potomk\u016f zaj\u00edmav\u011bj\u0161\u00ed osoby, ne\u017e jsou doposud? Chcete jim ud\u011blat radost n\u011b\u010d\u00edm netradi\u010dn\u00edm? Jestli\u017ee ano, pak v\u00e1m sta\u010d\u00ed&hellip;","datePublished":"2024-10-24","dateModified":"2024-10-24","author":{"@type":"Person","@id":"https:\/\/www.issecv.cz\/author\/#Person","name":"","url":"https:\/\/www.issecv.cz\/author\/","identifier":1,"image":{"@type":"ImageObject","@id":"https:\/\/secure.gravatar.com\/avatar\/cbcb92d2d459f60d1dc08d6e5973c6b0ed1017e8a3b51da0599e03841cfa81e6?s=96&d=mm&r=g","url":"https:\/\/secure.gravatar.com\/avatar\/cbcb92d2d459f60d1dc08d6e5973c6b0ed1017e8a3b51da0599e03841cfa81e6?s=96&d=mm&r=g","height":96,"width":96}},"publisher":{"@type":"Organization","name":"issecv.cz","logo":{"@type":"ImageObject","@id":"\/logo.png","url":"\/logo.png","width":600,"height":60}},"url":"https:\/\/www.issecv.cz\/motivy-ktere-jste-jeste-nevideli\/","wordCount":244,"articleBody":"Hled\u00e1te origin\u00e1ln\u00ed d\u011btsk\u00e1 tri\u010dka, kter\u00e1 ud\u011blaj\u00ed z va\u0161ich potomk\u016f zaj\u00edmav\u011bj\u0161\u00ed osoby, ne\u017e jsou doposud? Chcete jim ud\u011blat radost n\u011b\u010d\u00edm netradi\u010dn\u00edm? Jestli\u017ee ano, pak v\u00e1m sta\u010d\u00ed jedin\u00e9, a to pod\u00edvat se na to, jak bohat\u00fd je v\u00fdb\u011br u n\u00e1s. Ji\u017e l\u00e9ta nab\u00edz\u00edme lidem v\u0161emo\u017en\u00e9 tri\u010dka, kter\u00e1 maj\u00ed ud\u011blat p\u0159edev\u0161\u00edm dojem na kolemjdouc\u00ed, a to hlavn\u011b na ty mlad\u00e9, kte\u0159\u00ed modern\u00edm motiv\u016fm rozum\u00ed. Pokud tedy chcete sv\u00fdm ratolestem ud\u011blat radost n\u011b\u010d\u00edm zaj\u00edmav\u00fdm, rozhodn\u011b byste se m\u011bli pod\u00edvat k n\u00e1m, nebo\u0165 u n\u00e1s najdete p\u0159esn\u011b to, co jste dlouho hledali.Styl i pro toho nejn\u00e1ro\u010dn\u011bj\u0161\u00edhoJi\u017e dlouho v\u00edme, \u017ee mezi na\u0161imi z\u00e1kazn\u00edky jsou i velmi n\u00e1ro\u010dn\u00ed lid\u00e9, kte\u0159\u00ed se nespokoj\u00ed jen tak s n\u011b\u010d\u00edm. I proto v\u00e1m ji\u017e l\u00e9ta nab\u00edz\u00edme vysoce kvalitn\u00ed produkty, kter\u00e9 se zal\u00edb\u00ed nejenom sv\u00fdm stylem, ale i samotn\u00fdm materi\u00e1lov\u00fdm slo\u017een\u00edm. Neprod\u00e1v\u00e1me nekvalitn\u00ed kusy oble\u010den\u00ed, kter\u00e9 by se obnosily a poni\u010dily.  Jestli\u017ee zabrouzd\u00e1te do na\u0161\u00ed \u0161irok\u00e9 nab\u00eddky, s velkou pravd\u011bpodobnost\u00ed si tak\u00e9 n\u011bco po\u0159\u00edd\u00edte. A\u0165 u\u017e chcete n\u011bco pro sebe, \u010di pro sv\u00e9 potomky, u n\u00e1s to najdete.                                                                                                                                                                                                                                                                                                                                                                                        4\/5 - (6 votes)        "},{"@context":"https:\/\/schema.org\/","@type":"BreadcrumbList","itemListElement":[{"@type":"ListItem","position":1,"name":"Motivy, kter\u00e9 jste je\u0161t\u011b nevid\u011bli","item":"https:\/\/www.issecv.cz\/motivy-ktere-jste-jeste-nevideli\/#breadcrumbitem"}]}]