[{"@context":"https:\/\/schema.org\/","@type":"Article","@id":"https:\/\/www.issecv.cz\/loznice-kam-se-budete-radi-vracet\/#Article","mainEntityOfPage":"https:\/\/www.issecv.cz\/loznice-kam-se-budete-radi-vracet\/","headline":"Lo\u017enice, kam se budete r\u00e1di vracet","name":"Lo\u017enice, kam se budete r\u00e1di vracet","description":"Pat\u0159\u00ed mezi nejd\u016fle\u017eit\u011bj\u0161\u00ed m\u00edsta na\u0161eho domova, tr\u00e1v\u00edme v n\u00ed jednu t\u0159etinu dne, a p\u0159esto j\u00ed nev\u011bnujeme pat\u0159i\u010dnou pozornost. Ano, uhodli jste spr\u00e1vn\u011b, \u0159e\u010d je o&hellip;","datePublished":"2020-11-15","dateModified":"2023-06-05","author":{"@type":"Person","@id":"https:\/\/www.issecv.cz\/author\/#Person","name":"","url":"https:\/\/www.issecv.cz\/author\/","identifier":1,"image":{"@type":"ImageObject","@id":"https:\/\/secure.gravatar.com\/avatar\/cbcb92d2d459f60d1dc08d6e5973c6b0ed1017e8a3b51da0599e03841cfa81e6?s=96&d=mm&r=g","url":"https:\/\/secure.gravatar.com\/avatar\/cbcb92d2d459f60d1dc08d6e5973c6b0ed1017e8a3b51da0599e03841cfa81e6?s=96&d=mm&r=g","height":96,"width":96}},"publisher":{"@type":"Organization","name":"issecv.cz","logo":{"@type":"ImageObject","@id":"\/logo.png","url":"\/logo.png","width":600,"height":60}},"image":{"@type":"ImageObject","@id":"https:\/\/www.issecv.cz\/wp-content\/uploads\/d%C5%99ev%C4%9Bn%C3%A1%20postel_10_2.jpg","url":"https:\/\/www.issecv.cz\/wp-content\/uploads\/d%C5%99ev%C4%9Bn%C3%A1%20postel_10_2.jpg","height":0,"width":0},"url":"https:\/\/www.issecv.cz\/loznice-kam-se-budete-radi-vracet\/","about":["Nakupov\u00e1n\u00ed"],"wordCount":446,"articleBody":"        Pat\u0159\u00ed mezi nejd\u016fle\u017eit\u011bj\u0161\u00ed m\u00edsta na\u0161eho domova, tr\u00e1v\u00edme v n\u00ed jednu t\u0159etinu dne, a p\u0159esto j\u00ed nev\u011bnujeme pat\u0159i\u010dnou pozornost. Ano, uhodli jste spr\u00e1vn\u011b, \u0159e\u010d je o lo\u017enici. Mo\u017en\u00e1 si to v\u011bt\u0161ina z n\u00e1s neuv\u011bdomuje, ale n\u00e1bytek spole\u010dn\u011b s dekoracemi \u010di osv\u011btlen\u00edm dok\u00e1\u017ee do jist\u00e9 m\u00edry ovlivnit, jak se v dan\u00e9m prostoru budeme c\u00edtit. Lo\u017enici bychom tak m\u011bli za\u0159izovat s co nejv\u011bt\u0161\u00edm c\u00edt\u011bn\u00edm, kl\u00e1st d\u016fraz na detail. Jedin\u011b v takov\u00e9m p\u0159\u00edpad\u011b bude cel\u00e1 m\u00edstnost vzbuzovat p\u0159\u00edjemnou atmosf\u00e9ru. Postel hraje primPostel spole\u010dn\u011b s kvalitn\u00ed matrac\u00ed dok\u00e1\u017e\u00ed zajistit klidn\u00fd a ni\u010d\u00edm neru\u0161en\u00fd sp\u00e1nek. Pokud bychom m\u011bli vyp\u00edchnout pouze jednu v\u011bc, na kter\u00e9 se nevyplat\u00ed \u0161et\u0159it, byla by to pr\u00e1v\u011b matrace. Matrac\u00ed je v dne\u0161n\u00ed dob\u011b opravdu nep\u0159ebern\u00e9 mno\u017estv\u00ed a ob\u010das m\u016f\u017ee b\u00fdt probl\u00e9m vyznat se. Ka\u017ed\u00fd spr\u00e1vn\u00fd prodejce v\u00e1m v\u0161ak s takov\u00fdm v\u00fdb\u011brem pom\u016f\u017ee. D\u016fle\u017eit\u00e1 toti\u017e nen\u00ed pouze po\u0159izovac\u00ed cena, ale i materi\u00e1l \u010di t\u011blesn\u00e1 dispozice. Po vzoru tradi\u010dn\u00edho \u010d\u00ednsk\u00e9ho u\u010den\u00ed bychom m\u011bli postel situovat \u010delem ke st\u011bn\u011b, co nejd\u00e1le od okna. V\u011bt\u0161ina z n\u00e1s mnohdy uklidn\u00ed i p\u0159\u00edm\u00fd pohled na dve\u0159e do lo\u017enice, pro p\u0159\u00edpad, kdy by lo\u017enici nav\u0161t\u00edvil nezvan\u00fd n\u00e1v\u0161t\u011bvn\u00edk. Ostatn\u00ed n\u00e1bytekOv\u0161em, i kdy\u017e je lo\u017enice ve znamen\u00ed kvalitn\u00edho sp\u00e1nku, bez dal\u0161\u00edho n\u00e1bytku se stejn\u011b neobejdete. Dal\u0161\u00edm takov\u00fdm kusem n\u00e1bytku, kter\u00fd by v lo\u017enici nem\u011bl chyb\u011bt je \u0161atn\u00ed sk\u0159\u00ed\u0148. Ide\u00e1ln\u00ed variantou v tomto p\u0159\u00edpad\u011b jsou vestav\u011bn\u00e9 sk\u0159\u00edn\u011b Sten-skrine, kter\u00e9 dok\u00e1\u017e\u00ed dob\u0159e vyu\u017e\u00edt prostor m\u00edstnosti. Ned\u00edlnou sou\u010d\u00e1st\u00ed lo\u017enice jsou i no\u010dn\u00ed stolky, kter\u00e9 dob\u0159e poslou\u017e\u00ed k odkl\u00e1d\u00e1n\u00ed nejr\u016fzn\u011bj\u0161\u00edch drobnost\u00ed p\u0159ed span\u00edm. Sv\u011btl\u00e9 barvy a p\u0159\u00edrodn\u00ed materi\u00e1lyP\u0159\u00edrodn\u00ed materi\u00e1ly a sv\u011btl\u00e9 barvy jsou pro lo\u017enici to prav\u00e9 o\u0159echov\u00e9. Syt\u00e9 odst\u00edny nejenom \u017ee u\u017e nejsou n\u011bjak\u00fd ten p\u00e1tek v m\u00f3d\u011b, nav\u00edc maj\u00ed negativn\u00ed vliv na na\u0161\u00ed mysl, kterou neust\u00e1le rozptyluj\u00ed. Lo\u017enici se nebojte ponechat ve sv\u011btl\u00fdch odst\u00ednech kr\u00e9mov\u00e9 \u010di b\u00e9\u017eov\u00e9 barv\u011b. Men\u0161\u00ed prostory klidn\u011b m\u016f\u017eou z\u016fstat v neutr\u00e1ln\u00ed b\u00edl\u00e9.                                                                                                                                                                                                                                                                                                                                                                                           4.9\/5 - (7 votes)        "},{"@context":"https:\/\/schema.org\/","@type":"BreadcrumbList","itemListElement":[{"@type":"ListItem","position":1,"name":"Lo\u017enice, kam se budete r\u00e1di vracet","item":"https:\/\/www.issecv.cz\/loznice-kam-se-budete-radi-vracet\/#breadcrumbitem"}]}]