[{"@context":"https:\/\/schema.org\/","@type":"Article","@id":"https:\/\/www.issecv.cz\/krajka-symbol-krasy-a-elegance\/#Article","mainEntityOfPage":"https:\/\/www.issecv.cz\/krajka-symbol-krasy-a-elegance\/","headline":"Krajka &#8211; symbol kr\u00e1sy a elegance","name":"Krajka &#8211; symbol kr\u00e1sy a elegance","description":"Krajky maj\u00ed mnoh\u00e1 vyu\u017eit\u00ed. Vyu\u017e\u00edvaj\u00ed se samoz\u0159ejm\u011b v m\u00f3dn\u00edm pr\u016fmyslu, ale tak\u00e9 t\u0159eba v um\u011bn\u00ed nebo v dekoraci interi\u00e9r\u016f. Jejich pou\u017eit\u00ed je opravdu v\u0161estrann\u00e9. Jak\u00e1&hellip;","datePublished":"2025-03-29","dateModified":"2025-03-29","author":{"@type":"Person","@id":"https:\/\/www.issecv.cz\/author\/#Person","name":"","url":"https:\/\/www.issecv.cz\/author\/","identifier":1,"image":{"@type":"ImageObject","@id":"https:\/\/secure.gravatar.com\/avatar\/cbcb92d2d459f60d1dc08d6e5973c6b0ed1017e8a3b51da0599e03841cfa81e6?s=96&d=mm&r=g","url":"https:\/\/secure.gravatar.com\/avatar\/cbcb92d2d459f60d1dc08d6e5973c6b0ed1017e8a3b51da0599e03841cfa81e6?s=96&d=mm&r=g","height":96,"width":96}},"publisher":{"@type":"Organization","name":"issecv.cz","logo":{"@type":"ImageObject","@id":"\/logo.png","url":"\/logo.png","width":600,"height":60}},"image":{"@type":"ImageObject","@id":"https:\/\/www.issecv.cz\/wp-content\/uploads\/alex-bracken-l1SJO7TMVEc-unsplash.jpg","url":"https:\/\/www.issecv.cz\/wp-content\/uploads\/alex-bracken-l1SJO7TMVEc-unsplash.jpg","height":0,"width":0},"url":"https:\/\/www.issecv.cz\/krajka-symbol-krasy-a-elegance\/","about":["Nakupov\u00e1n\u00ed"],"wordCount":392,"articleBody":"       Krajky maj\u00ed mnoh\u00e1 vyu\u017eit\u00ed. Vyu\u017e\u00edvaj\u00ed se samoz\u0159ejm\u011b v m\u00f3dn\u00edm pr\u016fmyslu, ale tak\u00e9 t\u0159eba v um\u011bn\u00ed nebo v dekoraci interi\u00e9r\u016f. Jejich pou\u017eit\u00ed je opravdu v\u0161estrann\u00e9.Jak\u00e1 je historie krajek?Historie t\u00e9to l\u00e1tky se t\u00e1hne a\u017e do st\u0159edov\u011bku. Tehdy se za\u010daly objevovat prvn\u00ed jednoduch\u00e9 krajkov\u00e9 vzory. V 16. stolet\u00ed se staly obl\u00edben\u00fdm m\u00f3dn\u00edm dopl\u0148kem v Evrop\u011b. Za\u010daly se vyv\u00edjet r\u016fzn\u00e9 techniky, t\u0159eba kloboukov\u00e1 krajka. Pozd\u011bji se vyvinuly tak\u00e9 krajky pali\u010dkovan\u00e9. V 18. stolet\u00ed byla krajka pova\u017eov\u00e1na za symbol bohatstv\u00ed. Obl\u00e9kali ji lid\u00e9 ve vy\u0161\u0161\u00ed spole\u010dnosti. Postupn\u011b se staly tak\u00e9 sou\u010d\u00e1st\u00ed svatebn\u00edch \u0161at\u016f, proto\u017ee se pova\u017eovaly za symbol \u010distoty a nevinnosti.Techniky v\u00fdroby krajkyU krajek existuje n\u011bkolik r\u016fzn\u00fdch typ\u016f v\u00fdroby. Ty se li\u0161\u00ed podle kultury a dan\u00e9 zem\u011b. Pali\u010dkovan\u00e1 krajka \u2013 p\u0159i v\u00fdrob\u011b krajky se vyu\u017e\u00edvaj\u00ed pali\u010dky a nit\u011b, kter\u00e9 se navz\u00e1jem propl\u00e9taj\u00ed a tvo\u0159\u00ed slo\u017eit\u00e9 vzory. Tyto krajky jsou \u010dasto velmi detailn\u00ed a vy\u017eaduj\u00ed velkou zru\u010dnost.H\u00e1\u010dkovan\u00e1 krajka \u2013 tento zp\u016fsob v\u00fdroby pou\u017e\u00edv\u00e1 h\u00e1\u010dky a p\u0159\u00edzi. H\u00e1\u010dkovan\u00e9 krajky jsou obvykle m\u011bk\u010d\u00ed a tak\u00e9 pru\u017en\u011bj\u0161\u00ed ne\u017e pali\u010dkovan\u00e9 varianty.\u0160it\u00e1 krajka \u2013 p\u0159i t\u00e9to technice se krajkov\u00e9 vzory \u0161ij\u00ed p\u0159\u00edmo na l\u00e1tku. To zahrnuje stehy a r\u016fzn\u00e9 techniky, kter\u00e9 vytv\u00e1\u0159\u00ed jedine\u010dn\u00e9 dekorativn\u00ed prvky.A jak\u00e9 materi\u00e1ly se pro v\u00fdrobu krajek pou\u017e\u00edvaj\u00ed? Nej\u010dast\u011bji je to hedv\u00e1b\u00ed, bavlna, len nebo syntetick\u00e9 l\u00e1tky.Jak se krajky vyu\u017e\u00edvaj\u00ed v sou\u010dasnosti?Dnes se krajky vyu\u017e\u00edvaj\u00ed p\u0159edev\u0161\u00edm v m\u00f3d\u011b. Vyu\u017eit\u00ed na\u0161ly ale tak\u00e9 v bytov\u00e9m designu a v dal\u0161\u00edch sm\u011brech um\u011bn\u00ed. Krajky se vyu\u017e\u00edvaj\u00ed p\u0159edev\u0161\u00edm pro d\u00e1mskou m\u00f3du. \u0160aty, bl\u016fzy, sukn\u011b. Obl\u00edben\u00e9 jsou tak\u00e9 na spodn\u00edm pr\u00e1dle.Sv\u00e9 velk\u00e9 vyu\u017eit\u00ed na\u0161ly tak\u00e9 na svatebn\u00edch \u0161atech, co\u017e je tradice, kter\u00e1 se dochovala ji\u017e z 18. stolet\u00ed.V interi\u00e9rov\u00e9m designu se pou\u017e\u00edvaj\u00ed jako dekorace na z\u00e1v\u011bsy, ubrusy nebo pol\u0161t\u00e1\u0159e. Dod\u00e1vaj\u00ed t\u00edm m\u00edstnosti \u00fatulnou atmosf\u00e9ru, jemnost a eleganci.                                                                                                                                                                                                                                                                                                                                                                                          4\/5 - (3 votes)        "},{"@context":"https:\/\/schema.org\/","@type":"BreadcrumbList","itemListElement":[{"@type":"ListItem","position":1,"name":"Krajka &#8211; symbol kr\u00e1sy a elegance","item":"https:\/\/www.issecv.cz\/krajka-symbol-krasy-a-elegance\/#breadcrumbitem"}]}]