[{"@context":"https:\/\/schema.org\/","@type":"Article","@id":"https:\/\/www.issecv.cz\/klimaticke-stavky-a-politika\/#Article","mainEntityOfPage":"https:\/\/www.issecv.cz\/klimaticke-stavky-a-politika\/","headline":"Klimatick\u00e9 st\u00e1vky a politika","name":"Klimatick\u00e9 st\u00e1vky a politika","description":"&nbsp;U\u017e v&nbsp;p\u0159ede\u0161l\u00e9m roce za\u010dala Greta Thunberg ka\u017ed\u00fd p\u00e1tek vynech\u00e1vat \u0161kolu a st\u00e1la p\u0159ed \u0161v\u00e9dsk\u00fdm parlamentem v&nbsp;r\u00e1mci st\u00e1vek za klima. Sna\u017eila se t\u00edmto zp\u016fsobem zatla\u010dit na&hellip;","datePublished":"2019-10-11","dateModified":"2023-06-05","author":{"@type":"Person","@id":"https:\/\/www.issecv.cz\/author\/#Person","name":"","url":"https:\/\/www.issecv.cz\/author\/","identifier":1,"image":{"@type":"ImageObject","@id":"https:\/\/secure.gravatar.com\/avatar\/cbcb92d2d459f60d1dc08d6e5973c6b0ed1017e8a3b51da0599e03841cfa81e6?s=96&d=mm&r=g","url":"https:\/\/secure.gravatar.com\/avatar\/cbcb92d2d459f60d1dc08d6e5973c6b0ed1017e8a3b51da0599e03841cfa81e6?s=96&d=mm&r=g","height":96,"width":96}},"publisher":{"@type":"Organization","name":"issecv.cz","logo":{"@type":"ImageObject","@id":"\/logo.png","url":"\/logo.png","width":600,"height":60}},"image":{"@type":"ImageObject","@id":"https:\/\/www.issecv.cz\/wp-content\/uploads\/img_a356267_w3902_t1570908304.jpg","url":"https:\/\/www.issecv.cz\/wp-content\/uploads\/img_a356267_w3902_t1570908304.jpg","height":0,"width":0},"url":"https:\/\/www.issecv.cz\/klimaticke-stavky-a-politika\/","about":["Politika"],"wordCount":436,"articleBody":"&nbsp;U\u017e v&nbsp;p\u0159ede\u0161l\u00e9m roce za\u010dala Greta Thunberg ka\u017ed\u00fd p\u00e1tek vynech\u00e1vat \u0161kolu a st\u00e1la p\u0159ed \u0161v\u00e9dsk\u00fdm parlamentem v&nbsp;r\u00e1mci st\u00e1vek za klima. Sna\u017eila se t\u00edmto zp\u016fsobem zatla\u010dit na politiky, aby se st\u00e1le se zhor\u0161uj\u00edc\u00edm klimatem n\u011bco ud\u011blali. A brzy nebyla sama &ndash; dal\u0161\u00ed a dal\u0161\u00ed studenti po cel\u00e9m sv\u011bt\u011b za\u010dali v&nbsp;p\u00e1tek vynech\u00e1vat \u0161kolu a s&nbsp;transparenty post\u00e1vali na n\u00e1m\u011bst\u00edch a u parlament\u016f ve sv\u00fdch zem\u00edch. I v&nbsp;\u010cesk\u00e9 republice p\u00e1r takov\u00fdch st\u00e1vek prob\u011bhlo.&nbsp;Vynechme te\u010f \u0159e\u010di o tom, jak moc je klima ohro\u017eeno, o Gretin\u011b autismu i o jej\u00edch rodi\u010d\u00edch. Zkusme se zam\u011b\u0159it na to, jestli je v\u016fbec mo\u017en\u00e9 st\u00e1vkou dos\u00e1hnout okam\u017eit\u00e9 zm\u011bny. Odpov\u011b\u010f je prost\u00e1 &ndash; nen\u00ed. Politici toti\u017e m\u016f\u017eou cht\u00edt, ale nap\u0159\u00edklad zrovna u n\u00e1s nem\u016f\u017eou do druh\u00e9ho dne rozhodnout, \u017ee na n\u011bjak\u00e9 parcele postav\u00ed park. Prost\u011b m\u00e1me syst\u00e9m, kter\u00fd neumo\u017e\u0148uje okam\u017eit\u00e9 zm\u011bny &ndash; ne tak, jak by si to asi st\u00e1vka\u0159i p\u0159edstavovali. Co se t\u00fd\u010de v\u00fdstavby park\u016f, m\u00e1me tu \u00fazemn\u00ed pl\u00e1nov\u00e1n\u00ed, kter\u00e9 se mus\u00ed ud\u011blat n\u011bkolik let dop\u0159edu. Prohla\u0161ov\u00e1n\u00ed \u010dehokoliv za p\u0159\u00edrodn\u00ed rezervaci tak\u00e9 trv\u00e1 neskute\u010dn\u011b dlouho.&nbsp;Kdyby panovala diktatura, tak by dikt\u00e1tor mohl celkem snadno na\u0159\u00eddit, \u017ee od z\u00edt\u0159ka je tohle a tohle m\u00edsto p\u0159\u00edrodn\u00ed rezervac\u00ed, p\u0159\u00ed\u0161t\u00ed t\u00fdden se zalo\u017e\u00ed lesn\u00ed \u0161kolky v&nbsp;ka\u017ed\u00e9m kraji a na ekologii se uvoln\u00ed v\u00edce pen\u011bz. Diktatura tu ale nen\u00ed a ka\u017ed\u00fd z\u00e1kon tak podl\u00e9h\u00e1 zdlouhav\u00e9mu schvalov\u00e1n\u00ed, mus\u00ed se dostat skrze jedn\u00e1n\u00ed politik\u016f, \u00fapravami, a kdy\u017e kone\u010dn\u011b projde cel\u00fdm legislativn\u00edm procesem, je\u0161t\u011b po\u0159\u00e1d ho m\u016f\u017ee prezident odm\u00edtnout podepsat. Aby se mohlo n\u011bco st\u00e1t t\u0159eba b\u011bhem jednoho roku, musel by se kompletn\u011b zm\u011bnit syst\u00e9m jednotliv\u00fdch zem\u00ed a pravd\u011bpodobn\u011b by to znamenalo konec demokracie tak, jak ji zn\u00e1me.&nbsp;P\u0159esto v\u0161ichni studenti k\u0159i\u010d\u00ed, \u017ee s&nbsp;klimatem mus\u00edme n\u011bco ud\u011blat hned a odm\u00edtaj\u00ed sly\u0161et jak\u00fdkoliv d\u016fvod, pro\u010d to nejde hned, pro\u010d je t\u0159eba trp\u011blivosti. Je to jako se stromy. Ty tak\u00e9 nevyrostou p\u0159es noc.                                                                                                                                                                                                                                                                                                                                                                                        4\/5 - (8 votes)        "},{"@context":"https:\/\/schema.org\/","@type":"BreadcrumbList","itemListElement":[{"@type":"ListItem","position":1,"name":"Klimatick\u00e9 st\u00e1vky a politika","item":"https:\/\/www.issecv.cz\/klimaticke-stavky-a-politika\/#breadcrumbitem"}]}]