[{"@context":"https:\/\/schema.org\/","@type":"Article","@id":"https:\/\/www.issecv.cz\/kdyz-oznamite-svetu-budeme-se-brat\/#Article","mainEntityOfPage":"https:\/\/www.issecv.cz\/kdyz-oznamite-svetu-budeme-se-brat\/","headline":"Kdy\u017e ozn\u00e1m\u00edte sv\u011btu: Budeme se br\u00e1t !","name":"Kdy\u017e ozn\u00e1m\u00edte sv\u011btu: Budeme se br\u00e1t !","description":"S kr\u00e1sn\u00fdm ozn\u00e1men\u00edm cel\u00e9mu sv\u011btu pat\u0159\u00ed i pat\u0159i\u010dn\u00e1 pe\u010de\u0165 na cel\u00fd \u017eivot, kterou spoj\u00edte svoje \u017eivoty. A s t\u00edm souvis\u00ed i po\u0159\u00edzen\u00ed toho nejd\u016fle\u017eit\u011bj\u0161\u00edho, tedy&hellip;","datePublished":"2024-11-17","dateModified":"2024-11-17","author":{"@type":"Person","@id":"https:\/\/www.issecv.cz\/author\/#Person","name":"","url":"https:\/\/www.issecv.cz\/author\/","identifier":1,"image":{"@type":"ImageObject","@id":"https:\/\/secure.gravatar.com\/avatar\/cbcb92d2d459f60d1dc08d6e5973c6b0ed1017e8a3b51da0599e03841cfa81e6?s=96&d=mm&r=g","url":"https:\/\/secure.gravatar.com\/avatar\/cbcb92d2d459f60d1dc08d6e5973c6b0ed1017e8a3b51da0599e03841cfa81e6?s=96&d=mm&r=g","height":96,"width":96}},"publisher":{"@type":"Organization","name":"issecv.cz","logo":{"@type":"ImageObject","@id":"\/logo.png","url":"\/logo.png","width":600,"height":60}},"url":"https:\/\/www.issecv.cz\/kdyz-oznamite-svetu-budeme-se-brat\/","wordCount":189,"articleBody":"S kr\u00e1sn\u00fdm ozn\u00e1men\u00edm cel\u00e9mu sv\u011btu pat\u0159\u00ed i pat\u0159i\u010dn\u00e1 pe\u010de\u0165 na cel\u00fd \u017eivot, kterou spoj\u00edte svoje \u017eivoty. A s t\u00edm souvis\u00ed i po\u0159\u00edzen\u00ed toho nejd\u016fle\u017eit\u011bj\u0161\u00edho, tedy snubn\u00edch prsten\u016f. Jestli\u017ee jste je je\u0161t\u011b nebyli vybrat v n\u011bjak\u00e9m nejbli\u017e\u0161\u00edm zlatnictv\u00ed, m\u016f\u017eete to vyzkou\u0161et pr\u00e1v\u011b u n\u00e1s a z\u00edskat mo\u017en\u00e1 v\u00edc, ne\u017e sami chcete.Co kus, to origin\u00e1lJe to skute\u010dn\u011b pravda. Pokud se rozhodnete pro n\u00e1s, z\u00edsk\u00e1te se sv\u00fdmi snubn\u00edmi prsteny nejen kvalitn\u00ed ru\u010dn\u00ed pr\u00e1ci, ale i originalitu, ke kter\u00e9 m\u016f\u017eete p\u0159isp\u011bt sami sv\u00fdm osobit\u00fdm n\u00e1padem a ovlivnit tak budouc\u00ed podobu zadan\u00e9ho v\u00fdrobku. A nav\u00edc, to, co si u n\u00e1s nech\u00e1te vyrobit, p\u0159etrv\u00e1 nejen v\u00e1s, ale i budouc\u00ed generace a bude to tak skv\u011bl\u00fdm rodinn\u00fdm d\u011bdictv\u00edm pro va\u0161e d\u011bti a d\u011bti jejich d\u011bt\u00ed. Nen\u00ed to nakonec skv\u011bl\u00e1 nab\u00eddka?                                                                                                                                                                                                                                                                                                                                                                                        3.7\/5 - (6 votes)        "},{"@context":"https:\/\/schema.org\/","@type":"BreadcrumbList","itemListElement":[{"@type":"ListItem","position":1,"name":"Kdy\u017e ozn\u00e1m\u00edte sv\u011btu: Budeme se br\u00e1t !","item":"https:\/\/www.issecv.cz\/kdyz-oznamite-svetu-budeme-se-brat\/#breadcrumbitem"}]}]