{"@context":"https:\/\/schema.org\/","@type":"CollectionPage","@id":"https:\/\/www.issecv.cz\/dovolena\/#CollectionPage","headline":"Dovolen\u00e1 Category","description":"","url":"https:\/\/www.issecv.cz\/dovolena\/","hasPart":[{"@type":"Article","@id":"https:\/\/www.issecv.cz\/uzijte-si-dovolenou-bez-komplikaci-a-zbytecnych-starosti-dobre-si-ji-naplanujte\/","headline":"U\u017eijte si dovolenou bez komplikac\u00ed a zbyte\u010dn\u00fdch starost\u00ed &#8211; Dob\u0159e si ji napl\u00e1nujte!","url":"https:\/\/www.issecv.cz\/uzijte-si-dovolenou-bez-komplikaci-a-zbytecnych-starosti-dobre-si-ji-naplanujte\/","datePublished":"2022-07-05","dateModified":"2023-06-05","mainEntityOfPage":"https:\/\/www.issecv.cz\/uzijte-si-dovolenou-bez-komplikaci-a-zbytecnych-starosti-dobre-si-ji-naplanujte\/","author":{"@type":"Person","@id":"https:\/\/www.issecv.cz\/author\/#Person","name":"","url":"https:\/\/www.issecv.cz\/author\/","identifier":1,"image":{"@type":"ImageObject","@id":"https:\/\/secure.gravatar.com\/avatar\/cbcb92d2d459f60d1dc08d6e5973c6b0ed1017e8a3b51da0599e03841cfa81e6?s=96&d=mm&r=g","url":"https:\/\/secure.gravatar.com\/avatar\/cbcb92d2d459f60d1dc08d6e5973c6b0ed1017e8a3b51da0599e03841cfa81e6?s=96&d=mm&r=g","height":96,"width":96}},"publisher":{"@type":"Organization","name":"issecv.cz","logo":{"@type":"ImageObject","@id":"\/logo.png","url":"\/logo.png","width":600,"height":60}},"image":{"@type":"ImageObject","@id":"https:\/\/www.issecv.cz\/wp-content\/uploads\/pexels-photo-753626.jpeg","url":"https:\/\/www.issecv.cz\/wp-content\/uploads\/pexels-photo-753626.jpeg","height":0,"width":0},"keywords":null},{"@type":"Article","@id":"https:\/\/www.issecv.cz\/domecek-na-strome\/","headline":"Dome\u010dek na strom\u011b","url":"https:\/\/www.issecv.cz\/domecek-na-strome\/","datePublished":"2022-02-11","dateModified":"2023-06-05","mainEntityOfPage":"https:\/\/www.issecv.cz\/domecek-na-strome\/","author":{"@type":"Person","@id":"https:\/\/www.issecv.cz\/author\/#Person","name":"","url":"https:\/\/www.issecv.cz\/author\/","identifier":1,"image":{"@type":"ImageObject","@id":"https:\/\/secure.gravatar.com\/avatar\/cbcb92d2d459f60d1dc08d6e5973c6b0ed1017e8a3b51da0599e03841cfa81e6?s=96&d=mm&r=g","url":"https:\/\/secure.gravatar.com\/avatar\/cbcb92d2d459f60d1dc08d6e5973c6b0ed1017e8a3b51da0599e03841cfa81e6?s=96&d=mm&r=g","height":96,"width":96}},"publisher":{"@type":"Organization","name":"issecv.cz","logo":{"@type":"ImageObject","@id":"\/logo.png","url":"\/logo.png","width":600,"height":60}},"image":{"@type":"ImageObject","@id":"https:\/\/www.issecv.cz\/wp-content\/uploads\/woman-6795381_640_4.jpg","url":"https:\/\/www.issecv.cz\/wp-content\/uploads\/woman-6795381_640_4.jpg","height":0,"width":0},"keywords":null},{"@type":"Article","@id":"https:\/\/www.issecv.cz\/dovolena\/","headline":"Dovolen\u00e1","url":"https:\/\/www.issecv.cz\/dovolena\/","datePublished":"2021-09-09","dateModified":"2023-06-05","mainEntityOfPage":"https:\/\/www.issecv.cz\/dovolena\/","author":{"@type":"Person","@id":"https:\/\/www.issecv.cz\/author\/#Person","name":"","url":"https:\/\/www.issecv.cz\/author\/","identifier":1,"image":{"@type":"ImageObject","@id":"https:\/\/secure.gravatar.com\/avatar\/cbcb92d2d459f60d1dc08d6e5973c6b0ed1017e8a3b51da0599e03841cfa81e6?s=96&d=mm&r=g","url":"https:\/\/secure.gravatar.com\/avatar\/cbcb92d2d459f60d1dc08d6e5973c6b0ed1017e8a3b51da0599e03841cfa81e6?s=96&d=mm&r=g","height":96,"width":96}},"publisher":{"@type":"Organization","name":"issecv.cz","logo":{"@type":"ImageObject","@id":"\/logo.png","url":"\/logo.png","width":600,"height":60}},"image":{"@type":"ImageObject","@id":"https:\/\/www.issecv.cz\/wp-content\/uploads\/podzim%20na%20Vyso%C4%8Din%C4%9B_1.jpg","url":"https:\/\/www.issecv.cz\/wp-content\/uploads\/podzim%20na%20Vyso%C4%8Din%C4%9B_1.jpg","height":0,"width":0},"keywords":null}]}