[{"@context":"https:\/\/schema.org\/","@type":"Article","@id":"https:\/\/www.issecv.cz\/domov-ladeny-do-podzimnich-tonu\/#Article","mainEntityOfPage":"https:\/\/www.issecv.cz\/domov-ladeny-do-podzimnich-tonu\/","headline":"Domov lad\u011bn\u00fd do podzimn\u00edch t\u00f3n\u016f","name":"Domov lad\u011bn\u00fd do podzimn\u00edch t\u00f3n\u016f","description":"S&nbsp;podzimem p\u0159ich\u00e1z\u00ed chu\u0165 se zachumlat pod deku a d\u00e1t&nbsp;si tepl\u00fd \u010daj. Podzimn\u00ed pr\u00e1ce na zahrad\u011b nebo proch\u00e1zka bab\u00edm l\u00e9tem je p\u0159\u00edjemn\u00e1 romantika. Je pot\u0159eba nas\u00e1t&hellip;","datePublished":"2019-10-12","dateModified":"2023-06-05","author":{"@type":"Person","@id":"https:\/\/www.issecv.cz\/author\/#Person","name":"","url":"https:\/\/www.issecv.cz\/author\/","identifier":1,"image":{"@type":"ImageObject","@id":"https:\/\/secure.gravatar.com\/avatar\/cbcb92d2d459f60d1dc08d6e5973c6b0ed1017e8a3b51da0599e03841cfa81e6?s=96&d=mm&r=g","url":"https:\/\/secure.gravatar.com\/avatar\/cbcb92d2d459f60d1dc08d6e5973c6b0ed1017e8a3b51da0599e03841cfa81e6?s=96&d=mm&r=g","height":96,"width":96}},"publisher":{"@type":"Organization","name":"issecv.cz","logo":{"@type":"ImageObject","@id":"\/logo.png","url":"\/logo.png","width":600,"height":60}},"image":{"@type":"ImageObject","@id":"https:\/\/www.issecv.cz\/wp-content\/uploads\/img_a356278_w3902_t1570909919.jpg","url":"https:\/\/www.issecv.cz\/wp-content\/uploads\/img_a356278_w3902_t1570909919.jpg","height":0,"width":0},"url":"https:\/\/www.issecv.cz\/domov-ladeny-do-podzimnich-tonu\/","about":["Byt a d\u016fm"],"wordCount":463,"articleBody":"S&nbsp;podzimem p\u0159ich\u00e1z\u00ed chu\u0165 se zachumlat pod deku a d\u00e1t&nbsp;si tepl\u00fd \u010daj. Podzimn\u00ed pr\u00e1ce na zahrad\u011b nebo proch\u00e1zka bab\u00edm l\u00e9tem je p\u0159\u00edjemn\u00e1 romantika. Je pot\u0159eba nas\u00e1t posledn\u00ed zbytky slunce. P\u0159\u00edroda se od\u00edv\u00e1 do zlatav\u00fdch, oran\u017eov\u00fdch a hn\u011bd\u00fdch barev a n\u00e1m nezb\u00fdv\u00e1 ne\u017e se pomalu p\u0159ipravit na zimu. Nev\u011b\u0161te ale hlavu i podzim si lze zp\u0159\u00edjemnit.Pro milovn\u00edky dekorac\u00ed nachystal podzim n\u00e1dhern\u00e9 mo\u017enosti.1.&nbsp;&nbsp;&nbsp;&nbsp;&nbsp;&nbsp; Kytice r\u016f\u017e\u00ed z&nbsp;javorov\u00fdch list\u016f je hotov\u00e1 za p\u00e1r minut. Obzvl\u00e1\u0161t\u011b kr\u00e1sn\u00e9 jsou \u010derven\u00e9 javorov\u00e9 listy, ale vyrobit je m\u016f\u017eete z&nbsp;jak\u00fdchkoliv spadan\u00fdch. Kytici m\u016f\u017eete m\u00edt r\u016fznobarevnou nebo lad\u011bnou do jedn\u00e9 barvy. Jednodu\u0161e list p\u0159ehneme na p\u016fl a pot\u00e9 rolujeme od jednoho konce k&nbsp;druh\u00e9mu. P\u0159id\u00e1v\u00e1me takto na sebe dal\u0161\u00ed listy, a\u017e vznikne r\u016f\u017ee.&nbsp;2.&nbsp;&nbsp;&nbsp;&nbsp;&nbsp;&nbsp; Such\u00e9 vazby nebo v\u011bnce &nbsp;kombinace&nbsp;v\u0159esu s mal\u00fdmi okrasn\u00fdmi d\u00fdn\u011bmi jdou v\u017edy velice efektivn\u00ed. Pou\u017e\u00edt se tak\u00e9 daj\u00ed t\u0159eba \u0161\u00edpky \u010di nasu\u0161en\u00e9 letni\u010dky.&nbsp;3.&nbsp;&nbsp;&nbsp;&nbsp;&nbsp;&nbsp; V&nbsp;podzimn\u00edch barv\u00e1ch si po\u0159i\u010fte povlaky na pol\u0161t\u00e1\u0159e, pl\u00e9d nebo deku. Vyj\u00edmat se bude ho\u0159\u010dicov\u00e1, sko\u0159icov\u00e1, \u010derven\u00e1 \u010di hn\u011bd\u00e1.Pro degust\u00e1tory a gurm\u00e1ny je p\u0159ipraveno tak\u00e9 spoustu mo\u017enost\u00ed.1.&nbsp;&nbsp;&nbsp;&nbsp;&nbsp;&nbsp; &nbsp;Se sklizn\u00ed v\u00edna p\u0159ich\u00e1z\u00ed tak\u00e9 bur\u010d\u00e1kov\u00e9 slavnosti nebo vinobran\u00ed. V&nbsp;listopadu se pak m\u016f\u017eeme t\u011b\u0161it na mlad\u00e1 v\u00edna.2.&nbsp;&nbsp;&nbsp;&nbsp;&nbsp;&nbsp; D\u00fd\u0148ov\u00e1 sezona pro milovn\u00edky zemit\u00e9 chut\u011b. Z&nbsp;t\u011bchto n\u00e1dhern\u00fdch oran\u017eov\u00fdch plod\u016f se d\u00e1 v&nbsp;kuchyni vykouzlit v\u0161elicos. Od pol\u00e9vek p\u0159es placi\u010dky, kompoty, om\u00e1\u010dky. K&nbsp;nejchutn\u011bj\u0161\u00edm pat\u0159\u00ed m\u00e1slov\u00e1 \u010di d\u00fdn\u011b hokaido, kter\u00e1 je nav\u00edc i vyzdvihov\u00e1na pro sv\u00e9 blahod\u00e1rn\u00e9 \u00fa\u010dinky na na\u0161e zdrav\u00ed.3.&nbsp;&nbsp;&nbsp;&nbsp;&nbsp;&nbsp; Lisov\u00e1n\u00edm ovoce z\u00edsk\u00e1v\u00e1me v\u0161elik\u00e9 mo\u0161ty, kter\u00e9 lze serv\u00edrovat i hork\u00e9 nap\u0159\u00edklad se sko\u0159ic\u00ed.&nbsp;Pro zaryt\u00e9 sp\u00e1\u010de je tento \u010das jako stvo\u0159en\u00fd, nebo\u0165 k&nbsp;leno\u0161en\u00ed \u00fapln\u011b vyb\u00edz\u00ed. Zal\u00e9zt si pod pe\u0159inu s&nbsp;knihou \u010di si pustit film nen\u00ed u\u017e takov\u00fd h\u0159\u00edch. Pl\u00edskanice a ne\u010das zkr\u00e1tka nel\u00e1kaj\u00ed ven. Zap\u00e1lit si sv\u00ed\u010dku a pop\u00edjet hork\u00fd n\u00e1poj v&nbsp;teple domova.                                                                                                                                                                                                                                                                                                                                                                                        4.6\/5 - (10 votes)        "},{"@context":"https:\/\/schema.org\/","@type":"BreadcrumbList","itemListElement":[{"@type":"ListItem","position":1,"name":"Domov lad\u011bn\u00fd do podzimn\u00edch t\u00f3n\u016f","item":"https:\/\/www.issecv.cz\/domov-ladeny-do-podzimnich-tonu\/#breadcrumbitem"}]}]