[{"@context":"https:\/\/schema.org\/","@type":"Article","@id":"https:\/\/www.issecv.cz\/autoskola-brno-pro-brno-a-okoli\/#Article","mainEntityOfPage":"https:\/\/www.issecv.cz\/autoskola-brno-pro-brno-a-okoli\/","headline":"Auto\u0161kola Brno, pro Brno a okol\u00ed","name":"Auto\u0161kola Brno, pro Brno a okol\u00ed","description":"Bude v\u00e1m ji\u017e brzy osmn\u00e1ct let a r\u00e1di byste si ob\u010das od rodi\u010d\u016f vyp\u016fj\u010dili auto a n\u011bkam zajeli? Nebo sl\u00edbili v\u00e1m, \u017ee v\u00e1m k narozenin\u00e1m&hellip;","datePublished":"2025-01-17","dateModified":"2025-01-17","author":{"@type":"Person","@id":"https:\/\/www.issecv.cz\/author\/#Person","name":"","url":"https:\/\/www.issecv.cz\/author\/","identifier":1,"image":{"@type":"ImageObject","@id":"https:\/\/secure.gravatar.com\/avatar\/cbcb92d2d459f60d1dc08d6e5973c6b0ed1017e8a3b51da0599e03841cfa81e6?s=96&d=mm&r=g","url":"https:\/\/secure.gravatar.com\/avatar\/cbcb92d2d459f60d1dc08d6e5973c6b0ed1017e8a3b51da0599e03841cfa81e6?s=96&d=mm&r=g","height":96,"width":96}},"publisher":{"@type":"Organization","name":"issecv.cz","logo":{"@type":"ImageObject","@id":"\/logo.png","url":"\/logo.png","width":600,"height":60}},"url":"https:\/\/www.issecv.cz\/autoskola-brno-pro-brno-a-okoli\/","wordCount":199,"articleBody":"Bude v\u00e1m ji\u017e brzy osmn\u00e1ct let a r\u00e1di byste si ob\u010das od rodi\u010d\u016f vyp\u016fj\u010dili auto a n\u011bkam zajeli? Nebo sl\u00edbili v\u00e1m, \u017ee v\u00e1m k narozenin\u00e1m koup\u00ed auto, ale vy st\u00e1le je\u0161t\u011b nem\u00e1te \u0159idi\u010dsk\u00fd pr\u016fkaz? Pak je pot\u0159eba s t\u00edm n\u011bco ud\u011blat a p\u0159ihl\u00e1sit se do kurzu v auto\u0161kola Brno. M\u016f\u017ee b\u00fdt spousta podn\u011bt\u016f, kter\u00e9 p\u016fsob\u00ed jako faktory k z\u00edsk\u00e1n\u00ed \u0159idi\u010dsk\u00e9ho pr\u016fkazu. M\u016f\u017ee to b\u00fdt pot\u0159eba doj\u00ed\u017ed\u011bt do pr\u00e1ce, prok\u00e1z\u00e1n\u00ed si, \u017ee u\u017e jsem dosp\u011bl\u00fd \u010di dokonce sl\u00edben\u00fd d\u00e1rek auta od rodi\u010d\u016f. Nen\u00ed proto nic jednodu\u0161\u0161\u00edho, ne\u017e se s auto\u0161kola Brno p\u0159ipravit na z\u00e1v\u011bre\u010dn\u00e9 zkou\u0161ky a kone\u010dn\u011b ty pap\u00edry z\u00edskat. Skv\u011bl\u00fd d\u00e1rek Pokud pat\u0159\u00edte mezi ty \u0161\u0165astlivce, kter\u00fdm n\u011bkdo koup\u00ed k narozenin\u00e1m auto, ale po\u0159\u00e1d pat\u0159\u00edte je\u0161t\u011b mezi ty smola\u0159e, kte\u0159\u00ed nemaj\u00ed pap\u00edry k \u0159\u00edzen\u00ed, pak to rychle zm\u011b\u0148te v auto\u0161kola Brno.                                                                                                                                                                                                                                                                                                                                                                                        2.5\/5 - (2 votes)        "},{"@context":"https:\/\/schema.org\/","@type":"BreadcrumbList","itemListElement":[{"@type":"ListItem","position":1,"name":"Auto\u0161kola Brno, pro Brno a okol\u00ed","item":"https:\/\/www.issecv.cz\/autoskola-brno-pro-brno-a-okoli\/#breadcrumbitem"}]}]